{"id":9873,"date":"2024-08-20T01:01:00","date_gmt":"2024-08-19T23:01:00","guid":{"rendered":"https:\/\/tmg.hu\/?p=9873"},"modified":"2025-04-03T01:41:24","modified_gmt":"2025-04-02T23:41:24","slug":"festival-chleba","status":"publish","type":"post","link":"https:\/\/tmg.hu\/sk\/festival-chleba\/","title":{"rendered":"Festival chleba"},"content":{"rendered":"<p>20. augusta 2024 - Budajen\u0151, Magt\u00e1r<\/p>\n\n\n\n<p>Organiz\u00e1tori \u010dakali na milovn\u00edkov remeseln\u00e9ho chleba a pek\u00e1rensk\u00fdch v\u00fdrobkov na mieste bl\u00edzkom pr\u00edrode!<\/p>\n\n\n\n<p>20. augusta sl\u00e1vime v\u00fdnimo\u010dn\u00fd de\u0148: sviatok sv\u00e4t\u00e9ho \u0160tefana, zakladate\u013ea \u0161t\u00e1tu, ktor\u00fd je z\u00e1rove\u0148 d\u0148om nov\u00e9ho chleba. Tento de\u0148 nie je len o ucten\u00ed si minulosti, ale aj o na\u0161ej bud\u00facnosti - preto\u017ee dobr\u00fd chlieb je v\u00fdsledkom udr\u017eate\u013en\u00e9ho po\u013enohospod\u00e1rstva.<\/p>\n\n\n\n<p>N\u00e1v\u0161tevn\u00edci s v\u00e1\u0161\u0148ou pre dobr\u00fd chlieb a \u010dist\u00e9 potraviny sa mohli z\u00fa\u010dastni\u0165 na odborn\u00fdch a rodinn\u00fdch programoch. V st\u00e1nkoch vystavovate\u013eov ste mohli n\u00e1js\u0165 najlep\u0161ie pek\u00e1rne krajiny a v\u00fdrobky mnoh\u00fdch vynikaj\u00facich remeseln\u00fdch potravin\u00e1rskych podnikov. Najv\u00e4\u010d\u0161\u00ed milovn\u00edci chleba mohli predvies\u0165 svoje zru\u010dnosti v s\u00fa\u0165a\u017ei v dom\u00e1com pe\u010den\u00ed.<\/p>\n\n\n\n<p>Podujatie malo ve\u013ek\u00fd \u00faspech a nav\u0161t\u00edvilo ho tis\u00edce \u013eud\u00ed. Mnoh\u00ed sa z\u00fa\u010dastnili ako vystavovatelia aj n\u00e1v\u0161tevn\u00edci a pote\u0161ilo n\u00e1s, \u017ee popri pek\u00e1roch a mlyn\u00e1roch bolo zast\u00fapen\u00fdch \u010doraz viac po\u013enohospod\u00e1rov. Takto sa dost\u00e1vame od p\u00f4dy k chlebu: farm\u00e1r - mlyn\u00e1r - pek\u00e1r.<\/p>\n\n\n\n<p>Boli sme tam, aby sme spolo\u010dne pracovali na dobrom chlebe a \u010distom jedle!<\/p>\n\n\n\n<p>Uskuto\u010dnili sa aj v\u00fdznamn\u00e9 panelov\u00e9 diskusie. Na\u0161a kolegy\u0148a Vitka sa z\u00fa\u010dastnila na diskusii za okr\u00fahlym stolom o zdravej v\u00fd\u017eive. Vysvetlil, \u017ee zdrav\u00e1 p\u00f4da je nevyhnutn\u00e1 pre zdrav\u00e9 potraviny a vysvetlil v\u00fdhody regenerat\u00edvneho po\u013enohospod\u00e1rstva.<\/p>\n\n\n\n<p>Zauj\u00edmav\u00e9 je, \u017ee sme predali viac kn\u00edh o bezorbovom obr\u00e1ban\u00ed p\u00f4dy pre za\u010diato\u010dn\u00edkov ako na po\u013enohospod\u00e1rskom podujat\u00ed.<\/p>\n\n\n\n<figure class=\"wp-block-gallery has-nested-images columns-default is-cropped wp-block-gallery-1 is-layout-flex wp-block-gallery-is-layout-flex\">\n<figure class=\"wp-block-image size-large\"><img fetchpriority=\"high\" decoding=\"async\" width=\"768\" height=\"1024\" data-id=\"9931\" src=\"https:\/\/tmg.hu\/wp-content\/uploads\/2025\/04\/453323974_475960978688659_6774673815035970235_n-768x1024.jpg\" alt=\"\" class=\"wp-image-9931\" srcset=\"https:\/\/tmg.hu\/wp-content\/uploads\/2025\/04\/453323974_475960978688659_6774673815035970235_n-768x1024.jpg 768w, https:\/\/tmg.hu\/wp-content\/uploads\/2025\/04\/453323974_475960978688659_6774673815035970235_n-225x300.jpg 225w, https:\/\/tmg.hu\/wp-content\/uploads\/2025\/04\/453323974_475960978688659_6774673815035970235_n-9x12.jpg 9w, https:\/\/tmg.hu\/wp-content\/uploads\/2025\/04\/453323974_475960978688659_6774673815035970235_n-300x400.jpg 300w, https:\/\/tmg.hu\/wp-content\/uploads\/2025\/04\/453323974_475960978688659_6774673815035970235_n-600x800.jpg 600w, https:\/\/tmg.hu\/wp-content\/uploads\/2025\/04\/453323974_475960978688659_6774673815035970235_n.jpg 1125w\" sizes=\"(max-width: 768px) 100vw, 768px\" \/><\/figure>\n\n\n\n<figure class=\"wp-block-image size-large\"><img decoding=\"async\" width=\"1024\" height=\"768\" data-id=\"9935\" src=\"https:\/\/tmg.hu\/wp-content\/uploads\/2025\/04\/453725972_855749023181766_2360360215598698012_n-1024x768.jpg\" alt=\"\" class=\"wp-image-9935\" srcset=\"https:\/\/tmg.hu\/wp-content\/uploads\/2025\/04\/453725972_855749023181766_2360360215598698012_n-1024x768.jpg 1024w, https:\/\/tmg.hu\/wp-content\/uploads\/2025\/04\/453725972_855749023181766_2360360215598698012_n-300x225.jpg 300w, https:\/\/tmg.hu\/wp-content\/uploads\/2025\/04\/453725972_855749023181766_2360360215598698012_n-768x576.jpg 768w, https:\/\/tmg.hu\/wp-content\/uploads\/2025\/04\/453725972_855749023181766_2360360215598698012_n-16x12.jpg 16w, https:\/\/tmg.hu\/wp-content\/uploads\/2025\/04\/453725972_855749023181766_2360360215598698012_n-600x450.jpg 600w, https:\/\/tmg.hu\/wp-content\/uploads\/2025\/04\/453725972_855749023181766_2360360215598698012_n.jpg 1125w\" sizes=\"(max-width: 1024px) 100vw, 1024px\" \/><\/figure>\n\n\n\n<figure class=\"wp-block-image size-large\"><img decoding=\"async\" width=\"1024\" height=\"768\" data-id=\"9938\" src=\"https:\/\/tmg.hu\/wp-content\/uploads\/2025\/04\/454046915_1234723364630283_6657016018380073709_n-1024x768.jpg\" alt=\"\" class=\"wp-image-9938\" srcset=\"https:\/\/tmg.hu\/wp-content\/uploads\/2025\/04\/454046915_1234723364630283_6657016018380073709_n-1024x768.jpg 1024w, https:\/\/tmg.hu\/wp-content\/uploads\/2025\/04\/454046915_1234723364630283_6657016018380073709_n-300x225.jpg 300w, https:\/\/tmg.hu\/wp-content\/uploads\/2025\/04\/454046915_1234723364630283_6657016018380073709_n-768x576.jpg 768w, https:\/\/tmg.hu\/wp-content\/uploads\/2025\/04\/454046915_1234723364630283_6657016018380073709_n-16x12.jpg 16w, https:\/\/tmg.hu\/wp-content\/uploads\/2025\/04\/454046915_1234723364630283_6657016018380073709_n-600x450.jpg 600w, https:\/\/tmg.hu\/wp-content\/uploads\/2025\/04\/454046915_1234723364630283_6657016018380073709_n.jpg 1125w\" sizes=\"(max-width: 1024px) 100vw, 1024px\" \/><\/figure>\n\n\n\n<figure class=\"wp-block-image size-large\"><img loading=\"lazy\" decoding=\"async\" width=\"768\" height=\"1024\" data-id=\"9940\" src=\"https:\/\/tmg.hu\/wp-content\/uploads\/2025\/04\/454167485_1097995528646249_4527329792331047492_n-768x1024.jpg\" alt=\"\" class=\"wp-image-9940\" srcset=\"https:\/\/tmg.hu\/wp-content\/uploads\/2025\/04\/454167485_1097995528646249_4527329792331047492_n-768x1024.jpg 768w, https:\/\/tmg.hu\/wp-content\/uploads\/2025\/04\/454167485_1097995528646249_4527329792331047492_n-225x300.jpg 225w, https:\/\/tmg.hu\/wp-content\/uploads\/2025\/04\/454167485_1097995528646249_4527329792331047492_n-9x12.jpg 9w, https:\/\/tmg.hu\/wp-content\/uploads\/2025\/04\/454167485_1097995528646249_4527329792331047492_n-300x400.jpg 300w, https:\/\/tmg.hu\/wp-content\/uploads\/2025\/04\/454167485_1097995528646249_4527329792331047492_n-600x800.jpg 600w, https:\/\/tmg.hu\/wp-content\/uploads\/2025\/04\/454167485_1097995528646249_4527329792331047492_n.jpg 1125w\" sizes=\"(max-width: 768px) 100vw, 768px\" \/><\/figure>\n\n\n\n<figure class=\"wp-block-image size-large\"><img loading=\"lazy\" decoding=\"async\" width=\"768\" height=\"1024\" data-id=\"9943\" src=\"https:\/\/tmg.hu\/wp-content\/uploads\/2025\/04\/454219686_857159836516130_3147310812301223893_n-768x1024.jpg\" alt=\"\" class=\"wp-image-9943\" srcset=\"https:\/\/tmg.hu\/wp-content\/uploads\/2025\/04\/454219686_857159836516130_3147310812301223893_n-768x1024.jpg 768w, https:\/\/tmg.hu\/wp-content\/uploads\/2025\/04\/454219686_857159836516130_3147310812301223893_n-225x300.jpg 225w, https:\/\/tmg.hu\/wp-content\/uploads\/2025\/04\/454219686_857159836516130_3147310812301223893_n-9x12.jpg 9w, https:\/\/tmg.hu\/wp-content\/uploads\/2025\/04\/454219686_857159836516130_3147310812301223893_n-300x400.jpg 300w, https:\/\/tmg.hu\/wp-content\/uploads\/2025\/04\/454219686_857159836516130_3147310812301223893_n-600x800.jpg 600w, https:\/\/tmg.hu\/wp-content\/uploads\/2025\/04\/454219686_857159836516130_3147310812301223893_n.jpg 1125w\" sizes=\"(max-width: 768px) 100vw, 768px\" \/><\/figure>\n\n\n\n<figure class=\"wp-block-image size-large\"><img loading=\"lazy\" decoding=\"async\" width=\"1024\" height=\"768\" data-id=\"9946\" src=\"https:\/\/tmg.hu\/wp-content\/uploads\/2025\/04\/454270909_523153703504270_5133414591303405501_n-1024x768.jpg\" alt=\"\" class=\"wp-image-9946\" srcset=\"https:\/\/tmg.hu\/wp-content\/uploads\/2025\/04\/454270909_523153703504270_5133414591303405501_n-1024x768.jpg 1024w, https:\/\/tmg.hu\/wp-content\/uploads\/2025\/04\/454270909_523153703504270_5133414591303405501_n-300x225.jpg 300w, https:\/\/tmg.hu\/wp-content\/uploads\/2025\/04\/454270909_523153703504270_5133414591303405501_n-768x576.jpg 768w, https:\/\/tmg.hu\/wp-content\/uploads\/2025\/04\/454270909_523153703504270_5133414591303405501_n-16x12.jpg 16w, https:\/\/tmg.hu\/wp-content\/uploads\/2025\/04\/454270909_523153703504270_5133414591303405501_n-600x450.jpg 600w, https:\/\/tmg.hu\/wp-content\/uploads\/2025\/04\/454270909_523153703504270_5133414591303405501_n.jpg 1125w\" sizes=\"(max-width: 1024px) 100vw, 1024px\" \/><\/figure>\n\n\n\n<figure class=\"wp-block-image size-large\"><img loading=\"lazy\" decoding=\"async\" width=\"768\" height=\"1024\" data-id=\"9950\" src=\"https:\/\/tmg.hu\/wp-content\/uploads\/2025\/04\/454604678_1640531899843075_8327951413473902269_n-768x1024.jpg\" alt=\"\" class=\"wp-image-9950\" srcset=\"https:\/\/tmg.hu\/wp-content\/uploads\/2025\/04\/454604678_1640531899843075_8327951413473902269_n-768x1024.jpg 768w, https:\/\/tmg.hu\/wp-content\/uploads\/2025\/04\/454604678_1640531899843075_8327951413473902269_n-225x300.jpg 225w, https:\/\/tmg.hu\/wp-content\/uploads\/2025\/04\/454604678_1640531899843075_8327951413473902269_n-9x12.jpg 9w, https:\/\/tmg.hu\/wp-content\/uploads\/2025\/04\/454604678_1640531899843075_8327951413473902269_n-300x400.jpg 300w, https:\/\/tmg.hu\/wp-content\/uploads\/2025\/04\/454604678_1640531899843075_8327951413473902269_n-600x800.jpg 600w, https:\/\/tmg.hu\/wp-content\/uploads\/2025\/04\/454604678_1640531899843075_8327951413473902269_n.jpg 1125w\" sizes=\"(max-width: 768px) 100vw, 768px\" \/><\/figure>\n\n\n\n<figure class=\"wp-block-image size-large\"><img loading=\"lazy\" decoding=\"async\" width=\"768\" height=\"1024\" data-id=\"9953\" src=\"https:\/\/tmg.hu\/wp-content\/uploads\/2025\/04\/454901459_1026029942855457_3534734630500966903_n-768x1024.jpg\" alt=\"\" class=\"wp-image-9953\" srcset=\"https:\/\/tmg.hu\/wp-content\/uploads\/2025\/04\/454901459_1026029942855457_3534734630500966903_n-768x1024.jpg 768w, https:\/\/tmg.hu\/wp-content\/uploads\/2025\/04\/454901459_1026029942855457_3534734630500966903_n-225x300.jpg 225w, https:\/\/tmg.hu\/wp-content\/uploads\/2025\/04\/454901459_1026029942855457_3534734630500966903_n-9x12.jpg 9w, https:\/\/tmg.hu\/wp-content\/uploads\/2025\/04\/454901459_1026029942855457_3534734630500966903_n-300x400.jpg 300w, https:\/\/tmg.hu\/wp-content\/uploads\/2025\/04\/454901459_1026029942855457_3534734630500966903_n-600x800.jpg 600w, https:\/\/tmg.hu\/wp-content\/uploads\/2025\/04\/454901459_1026029942855457_3534734630500966903_n.jpg 1125w\" sizes=\"(max-width: 768px) 100vw, 768px\" \/><\/figure>\n\n\n\n<figure class=\"wp-block-image size-large\"><img loading=\"lazy\" decoding=\"async\" width=\"768\" height=\"1024\" data-id=\"9955\" src=\"https:\/\/tmg.hu\/wp-content\/uploads\/2025\/04\/455262015_1494468214764094_5611127507141281461_n-768x1024.jpg\" alt=\"\" class=\"wp-image-9955\" srcset=\"https:\/\/tmg.hu\/wp-content\/uploads\/2025\/04\/455262015_1494468214764094_5611127507141281461_n-768x1024.jpg 768w, https:\/\/tmg.hu\/wp-content\/uploads\/2025\/04\/455262015_1494468214764094_5611127507141281461_n-225x300.jpg 225w, https:\/\/tmg.hu\/wp-content\/uploads\/2025\/04\/455262015_1494468214764094_5611127507141281461_n-9x12.jpg 9w, https:\/\/tmg.hu\/wp-content\/uploads\/2025\/04\/455262015_1494468214764094_5611127507141281461_n-300x400.jpg 300w, https:\/\/tmg.hu\/wp-content\/uploads\/2025\/04\/455262015_1494468214764094_5611127507141281461_n-600x800.jpg 600w, https:\/\/tmg.hu\/wp-content\/uploads\/2025\/04\/455262015_1494468214764094_5611127507141281461_n.jpg 1125w\" sizes=\"(max-width: 768px) 100vw, 768px\" \/><\/figure>\n\n\n\n<figure class=\"wp-block-image size-large\"><img loading=\"lazy\" decoding=\"async\" width=\"768\" height=\"1024\" data-id=\"9957\" src=\"https:\/\/tmg.hu\/wp-content\/uploads\/2025\/04\/456122274_813884504271138_7624913565194120405_n-768x1024.jpg\" alt=\"\" class=\"wp-image-9957\" srcset=\"https:\/\/tmg.hu\/wp-content\/uploads\/2025\/04\/456122274_813884504271138_7624913565194120405_n-768x1024.jpg 768w, https:\/\/tmg.hu\/wp-content\/uploads\/2025\/04\/456122274_813884504271138_7624913565194120405_n-225x300.jpg 225w, https:\/\/tmg.hu\/wp-content\/uploads\/2025\/04\/456122274_813884504271138_7624913565194120405_n-9x12.jpg 9w, https:\/\/tmg.hu\/wp-content\/uploads\/2025\/04\/456122274_813884504271138_7624913565194120405_n-300x400.jpg 300w, https:\/\/tmg.hu\/wp-content\/uploads\/2025\/04\/456122274_813884504271138_7624913565194120405_n-600x800.jpg 600w, https:\/\/tmg.hu\/wp-content\/uploads\/2025\/04\/456122274_813884504271138_7624913565194120405_n.jpg 1125w\" sizes=\"(max-width: 768px) 100vw, 768px\" \/><\/figure>\n<\/figure>","protected":false},"excerpt":{"rendered":"<p>2024. augusztus 20. &#8211; Budajen\u0151, Magt\u00e1r Term\u00e9szetk\u00f6zeli helysz\u00ednen v\u00e1rt\u00e1k a szervez\u0151k a k\u00e9zm\u0171ves kenyerek \u00e9s p\u00e9kterm\u00e9kek rajong\u00f3it! Augusztus 20-\u00e1n k\u00fcl\u00f6nleges napot \u00fcnnepl\u00fcnk: az \u00c1llamalap\u00edt\u00f3 Szent Istv\u00e1n \u00fcnnep\u00e9t, amely az \u00faj keny\u00e9r napja is. Ez a nap nemcsak a m\u00falt tisztelet\u00e9r\u0151l sz\u00f3l, hanem a j\u00f6v\u0151nkr\u0151l is \u2013 hiszen a j\u00f3 keny\u00e9r a fenntarthat\u00f3 gazd\u00e1lkod\u00e1s eredm\u00e9nye. Szakmai [&hellip;]<\/p>","protected":false},"author":141,"featured_media":9995,"comment_status":"closed","ping_status":"closed","sticky":false,"template":"","format":"standard","meta":{"footnotes":""},"categories":[51],"tags":[],"class_list":["post-9873","post","type-post","status-publish","format-standard","has-post-thumbnail","hentry","category-reszt-vettunk"],"yoast_head":"<!-- This site is optimized with the Yoast SEO plugin v26.6 - https:\/\/yoast.com\/wordpress\/plugins\/seo\/ -->\n<title>Keny\u00e9rlelke Fesztiv\u00e1l - Talajmeg\u00faj\u00edt\u00f3 Gazd\u00e1k Egyes\u00fclete<\/title>\n<meta name=\"robots\" content=\"index, follow, max-snippet:-1, max-image-preview:large, max-video-preview:-1\" \/>\n<link rel=\"canonical\" href=\"https:\/\/tmg.hu\/sk\/festival-chleba\/\" \/>\n<meta property=\"og:locale\" content=\"sk_SK\" \/>\n<meta property=\"og:type\" content=\"article\" \/>\n<meta property=\"og:title\" content=\"Keny\u00e9rlelke Fesztiv\u00e1l - Talajmeg\u00faj\u00edt\u00f3 Gazd\u00e1k Egyes\u00fclete\" \/>\n<meta property=\"og:description\" content=\"2024. augusztus 20. &#8211; Budajen\u0151, Magt\u00e1r Term\u00e9szetk\u00f6zeli helysz\u00ednen v\u00e1rt\u00e1k a szervez\u0151k a k\u00e9zm\u0171ves kenyerek \u00e9s p\u00e9kterm\u00e9kek rajong\u00f3it! Augusztus 20-\u00e1n k\u00fcl\u00f6nleges napot \u00fcnnepl\u00fcnk: az \u00c1llamalap\u00edt\u00f3 Szent Istv\u00e1n \u00fcnnep\u00e9t, amely az \u00faj keny\u00e9r napja is. Ez a nap nemcsak a m\u00falt tisztelet\u00e9r\u0151l sz\u00f3l, hanem a j\u00f6v\u0151nkr\u0151l is \u2013 hiszen a j\u00f3 keny\u00e9r a fenntarthat\u00f3 gazd\u00e1lkod\u00e1s eredm\u00e9nye. Szakmai [&hellip;]\" \/>\n<meta property=\"og:url\" content=\"https:\/\/tmg.hu\/sk\/festival-chleba\/\" \/>\n<meta property=\"og:site_name\" content=\"Talajmeg\u00faj\u00edt\u00f3 Gazd\u00e1k Egyes\u00fclete\" \/>\n<meta property=\"article:publisher\" content=\"https:\/\/www.facebook.com\/tmg.egyesulet\/\" \/>\n<meta property=\"article:published_time\" content=\"2024-08-19T23:01:00+00:00\" \/>\n<meta property=\"article:modified_time\" content=\"2025-04-02T23:41:24+00:00\" \/>\n<meta property=\"og:image\" content=\"https:\/\/tmg.hu\/wp-content\/uploads\/2025\/04\/Normal_poszt_facebook_insta-scaled.jpg\" \/>\n\t<meta property=\"og:image:width\" content=\"2048\" \/>\n\t<meta property=\"og:image:height\" content=\"2560\" \/>\n\t<meta property=\"og:image:type\" content=\"image\/jpeg\" \/>\n<meta name=\"author\" content=\"Csizm\u00e1n Zolt\u00e1n\" \/>\n<meta name=\"twitter:card\" content=\"summary_large_image\" \/>\n<meta name=\"twitter:label1\" content=\"Autor\" \/>\n\t<meta name=\"twitter:data1\" content=\"Csizm\u00e1n Zolt\u00e1n\" \/>\n\t<meta name=\"twitter:label2\" content=\"Predpokladan\u00fd \u010das \u010d\u00edtania\" \/>\n\t<meta name=\"twitter:data2\" content=\"4 min\u00faty\" \/>\n<script type=\"application\/ld+json\" class=\"yoast-schema-graph\">{\"@context\":\"https:\/\/schema.org\",\"@graph\":[{\"@type\":\"Article\",\"@id\":\"https:\/\/tmg.hu\/kenyerlelke-fesztival\/#article\",\"isPartOf\":{\"@id\":\"https:\/\/tmg.hu\/kenyerlelke-fesztival\/\"},\"author\":{\"name\":\"Csizm\u00e1n Zolt\u00e1n\",\"@id\":\"https:\/\/tmg.hu\/#\/schema\/person\/3848fe83e5041cff6a4b3dc1a7725505\"},\"headline\":\"Keny\u00e9rlelke Fesztiv\u00e1l\",\"datePublished\":\"2024-08-19T23:01:00+00:00\",\"dateModified\":\"2025-04-02T23:41:24+00:00\",\"mainEntityOfPage\":{\"@id\":\"https:\/\/tmg.hu\/kenyerlelke-fesztival\/\"},\"wordCount\":314,\"publisher\":{\"@id\":\"https:\/\/tmg.hu\/#organization\"},\"image\":{\"@id\":\"https:\/\/tmg.hu\/kenyerlelke-fesztival\/#primaryimage\"},\"thumbnailUrl\":\"https:\/\/tmg.hu\/wp-content\/uploads\/2025\/04\/Normal_poszt_facebook_insta-scaled.jpg\",\"articleSection\":[\"R\u00e9szt vett\u00fcnk\"],\"inLanguage\":\"sk-SK\"},{\"@type\":\"WebPage\",\"@id\":\"https:\/\/tmg.hu\/kenyerlelke-fesztival\/\",\"url\":\"https:\/\/tmg.hu\/kenyerlelke-fesztival\/\",\"name\":\"Keny\u00e9rlelke Fesztiv\u00e1l - Talajmeg\u00faj\u00edt\u00f3 Gazd\u00e1k Egyes\u00fclete\",\"isPartOf\":{\"@id\":\"https:\/\/tmg.hu\/#website\"},\"primaryImageOfPage\":{\"@id\":\"https:\/\/tmg.hu\/kenyerlelke-fesztival\/#primaryimage\"},\"image\":{\"@id\":\"https:\/\/tmg.hu\/kenyerlelke-fesztival\/#primaryimage\"},\"thumbnailUrl\":\"https:\/\/tmg.hu\/wp-content\/uploads\/2025\/04\/Normal_poszt_facebook_insta-scaled.jpg\",\"datePublished\":\"2024-08-19T23:01:00+00:00\",\"dateModified\":\"2025-04-02T23:41:24+00:00\",\"breadcrumb\":{\"@id\":\"https:\/\/tmg.hu\/kenyerlelke-fesztival\/#breadcrumb\"},\"inLanguage\":\"sk-SK\",\"potentialAction\":[{\"@type\":\"ReadAction\",\"target\":[\"https:\/\/tmg.hu\/kenyerlelke-fesztival\/\"]}]},{\"@type\":\"ImageObject\",\"inLanguage\":\"sk-SK\",\"@id\":\"https:\/\/tmg.hu\/kenyerlelke-fesztival\/#primaryimage\",\"url\":\"https:\/\/tmg.hu\/wp-content\/uploads\/2025\/04\/Normal_poszt_facebook_insta-scaled.jpg\",\"contentUrl\":\"https:\/\/tmg.hu\/wp-content\/uploads\/2025\/04\/Normal_poszt_facebook_insta-scaled.jpg\",\"width\":2048,\"height\":2560,\"caption\":\"Keny\u00e9rlelke-Fesztiv\u00e1l-2024\"},{\"@type\":\"BreadcrumbList\",\"@id\":\"https:\/\/tmg.hu\/kenyerlelke-fesztival\/#breadcrumb\",\"itemListElement\":[{\"@type\":\"ListItem\",\"position\":1,\"name\":\"Home\",\"item\":\"https:\/\/tmg.hu\/\"},{\"@type\":\"ListItem\",\"position\":2,\"name\":\"Keny\u00e9rlelke Fesztiv\u00e1l\"}]},{\"@type\":\"WebSite\",\"@id\":\"https:\/\/tmg.hu\/#website\",\"url\":\"https:\/\/tmg.hu\/\",\"name\":\"TMG - Talajmeg\u00faj\u00edt\u00f3 Gazd\u00e1k Egyes\u00fclete\",\"description\":\"Talajmeg\u00faj\u00edt\u00f3 Gazd\u00e1k Egyes\u00fclete\",\"publisher\":{\"@id\":\"https:\/\/tmg.hu\/#organization\"},\"potentialAction\":[{\"@type\":\"SearchAction\",\"target\":{\"@type\":\"EntryPoint\",\"urlTemplate\":\"https:\/\/tmg.hu\/?s={search_term_string}\"},\"query-input\":{\"@type\":\"PropertyValueSpecification\",\"valueRequired\":true,\"valueName\":\"search_term_string\"}}],\"inLanguage\":\"sk-SK\"},{\"@type\":\"Organization\",\"@id\":\"https:\/\/tmg.hu\/#organization\",\"name\":\"Talajmeg\u00faj\u00edt\u00f3 Gazd\u00e1k Egyes\u00fclete\",\"url\":\"https:\/\/tmg.hu\/\",\"logo\":{\"@type\":\"ImageObject\",\"inLanguage\":\"sk-SK\",\"@id\":\"https:\/\/tmg.hu\/#\/schema\/logo\/image\/\",\"url\":\"https:\/\/tmg.hu\/wp-content\/uploads\/2024\/10\/tmg_og_logo.png\",\"contentUrl\":\"https:\/\/tmg.hu\/wp-content\/uploads\/2024\/10\/tmg_og_logo.png\",\"width\":1200,\"height\":630,\"caption\":\"Talajmeg\u00faj\u00edt\u00f3 Gazd\u00e1k Egyes\u00fclete\"},\"image\":{\"@id\":\"https:\/\/tmg.hu\/#\/schema\/logo\/image\/\"},\"sameAs\":[\"https:\/\/www.facebook.com\/tmg.egyesulet\/\",\"https:\/\/www.instagram.com\/tmg.hu\/\",\"https:\/\/www.youtube.com\/@tmg_egyesulet\"]},{\"@type\":\"Person\",\"@id\":\"https:\/\/tmg.hu\/#\/schema\/person\/3848fe83e5041cff6a4b3dc1a7725505\",\"name\":\"Csizm\u00e1n Zolt\u00e1n\"}]}<\/script>\n<!-- \/ Yoast SEO plugin. -->","yoast_head_json":{"title":"Festival chleba - Zdru\u017eenie po\u013enohospod\u00e1rov pre obnovu p\u00f4dy","robots":{"index":"index","follow":"follow","max-snippet":"max-snippet:-1","max-image-preview":"max-image-preview:large","max-video-preview":"max-video-preview:-1"},"canonical":"https:\/\/tmg.hu\/sk\/festival-chleba\/","og_locale":"sk_SK","og_type":"article","og_title":"Keny\u00e9rlelke Fesztiv\u00e1l - Talajmeg\u00faj\u00edt\u00f3 Gazd\u00e1k Egyes\u00fclete","og_description":"2024. augusztus 20. &#8211; Budajen\u0151, Magt\u00e1r Term\u00e9szetk\u00f6zeli helysz\u00ednen v\u00e1rt\u00e1k a szervez\u0151k a k\u00e9zm\u0171ves kenyerek \u00e9s p\u00e9kterm\u00e9kek rajong\u00f3it! Augusztus 20-\u00e1n k\u00fcl\u00f6nleges napot \u00fcnnepl\u00fcnk: az \u00c1llamalap\u00edt\u00f3 Szent Istv\u00e1n \u00fcnnep\u00e9t, amely az \u00faj keny\u00e9r napja is. Ez a nap nemcsak a m\u00falt tisztelet\u00e9r\u0151l sz\u00f3l, hanem a j\u00f6v\u0151nkr\u0151l is \u2013 hiszen a j\u00f3 keny\u00e9r a fenntarthat\u00f3 gazd\u00e1lkod\u00e1s eredm\u00e9nye. Szakmai [&hellip;]","og_url":"https:\/\/tmg.hu\/sk\/festival-chleba\/","og_site_name":"Talajmeg\u00faj\u00edt\u00f3 Gazd\u00e1k Egyes\u00fclete","article_publisher":"https:\/\/www.facebook.com\/tmg.egyesulet\/","article_published_time":"2024-08-19T23:01:00+00:00","article_modified_time":"2025-04-02T23:41:24+00:00","og_image":[{"width":2048,"height":2560,"url":"https:\/\/tmg.hu\/wp-content\/uploads\/2025\/04\/Normal_poszt_facebook_insta-scaled.jpg","type":"image\/jpeg"}],"author":"Csizm\u00e1n Zolt\u00e1n","twitter_card":"summary_large_image","twitter_misc":{"Autor":"Csizm\u00e1n Zolt\u00e1n","Predpokladan\u00fd \u010das \u010d\u00edtania":"4 min\u00faty"},"schema":{"@context":"https:\/\/schema.org","@graph":[{"@type":"Article","@id":"https:\/\/tmg.hu\/kenyerlelke-fesztival\/#article","isPartOf":{"@id":"https:\/\/tmg.hu\/kenyerlelke-fesztival\/"},"author":{"name":"Csizm\u00e1n Zolt\u00e1n","@id":"https:\/\/tmg.hu\/#\/schema\/person\/3848fe83e5041cff6a4b3dc1a7725505"},"headline":"Keny\u00e9rlelke Fesztiv\u00e1l","datePublished":"2024-08-19T23:01:00+00:00","dateModified":"2025-04-02T23:41:24+00:00","mainEntityOfPage":{"@id":"https:\/\/tmg.hu\/kenyerlelke-fesztival\/"},"wordCount":314,"publisher":{"@id":"https:\/\/tmg.hu\/#organization"},"image":{"@id":"https:\/\/tmg.hu\/kenyerlelke-fesztival\/#primaryimage"},"thumbnailUrl":"https:\/\/tmg.hu\/wp-content\/uploads\/2025\/04\/Normal_poszt_facebook_insta-scaled.jpg","articleSection":["R\u00e9szt vett\u00fcnk"],"inLanguage":"sk-SK"},{"@type":"WebPage","@id":"https:\/\/tmg.hu\/kenyerlelke-fesztival\/","url":"https:\/\/tmg.hu\/kenyerlelke-fesztival\/","name":"Festival chleba - Zdru\u017eenie po\u013enohospod\u00e1rov pre obnovu p\u00f4dy","isPartOf":{"@id":"https:\/\/tmg.hu\/#website"},"primaryImageOfPage":{"@id":"https:\/\/tmg.hu\/kenyerlelke-fesztival\/#primaryimage"},"image":{"@id":"https:\/\/tmg.hu\/kenyerlelke-fesztival\/#primaryimage"},"thumbnailUrl":"https:\/\/tmg.hu\/wp-content\/uploads\/2025\/04\/Normal_poszt_facebook_insta-scaled.jpg","datePublished":"2024-08-19T23:01:00+00:00","dateModified":"2025-04-02T23:41:24+00:00","breadcrumb":{"@id":"https:\/\/tmg.hu\/kenyerlelke-fesztival\/#breadcrumb"},"inLanguage":"sk-SK","potentialAction":[{"@type":"ReadAction","target":["https:\/\/tmg.hu\/kenyerlelke-fesztival\/"]}]},{"@type":"ImageObject","inLanguage":"sk-SK","@id":"https:\/\/tmg.hu\/kenyerlelke-fesztival\/#primaryimage","url":"https:\/\/tmg.hu\/wp-content\/uploads\/2025\/04\/Normal_poszt_facebook_insta-scaled.jpg","contentUrl":"https:\/\/tmg.hu\/wp-content\/uploads\/2025\/04\/Normal_poszt_facebook_insta-scaled.jpg","width":2048,"height":2560,"caption":"Keny\u00e9rlelke-Fesztiv\u00e1l-2024"},{"@type":"BreadcrumbList","@id":"https:\/\/tmg.hu\/kenyerlelke-fesztival\/#breadcrumb","itemListElement":[{"@type":"ListItem","position":1,"name":"Home","item":"https:\/\/tmg.hu\/"},{"@type":"ListItem","position":2,"name":"Keny\u00e9rlelke Fesztiv\u00e1l"}]},{"@type":"WebSite","@id":"https:\/\/tmg.hu\/#website","url":"https:\/\/tmg.hu\/","name":"TMG - Zdru\u017eenie po\u013enohospod\u00e1rov pre obnovu p\u00f4dy","description":"Zdru\u017eenie po\u013enohospod\u00e1rov pre obnovu p\u00f4dy","publisher":{"@id":"https:\/\/tmg.hu\/#organization"},"potentialAction":[{"@type":"SearchAction","target":{"@type":"EntryPoint","urlTemplate":"https:\/\/tmg.hu\/?s={search_term_string}"},"query-input":{"@type":"PropertyValueSpecification","valueRequired":true,"valueName":"search_term_string"}}],"inLanguage":"sk-SK"},{"@type":"Organization","@id":"https:\/\/tmg.hu\/#organization","name":"Zdru\u017eenie po\u013enohospod\u00e1rov pre obnovu p\u00f4dy","url":"https:\/\/tmg.hu\/","logo":{"@type":"ImageObject","inLanguage":"sk-SK","@id":"https:\/\/tmg.hu\/#\/schema\/logo\/image\/","url":"https:\/\/tmg.hu\/wp-content\/uploads\/2024\/10\/tmg_og_logo.png","contentUrl":"https:\/\/tmg.hu\/wp-content\/uploads\/2024\/10\/tmg_og_logo.png","width":1200,"height":630,"caption":"Talajmeg\u00faj\u00edt\u00f3 Gazd\u00e1k Egyes\u00fclete"},"image":{"@id":"https:\/\/tmg.hu\/#\/schema\/logo\/image\/"},"sameAs":["https:\/\/www.facebook.com\/tmg.egyesulet\/","https:\/\/www.instagram.com\/tmg.hu\/","https:\/\/www.youtube.com\/@tmg_egyesulet"]},{"@type":"Person","@id":"https:\/\/tmg.hu\/#\/schema\/person\/3848fe83e5041cff6a4b3dc1a7725505","name":"Zolt\u00e1n Csizm\u00e1n"}]}},"_links":{"self":[{"href":"https:\/\/tmg.hu\/sk\/wp-json\/wp\/v2\/posts\/9873","targetHints":{"allow":["GET"]}}],"collection":[{"href":"https:\/\/tmg.hu\/sk\/wp-json\/wp\/v2\/posts"}],"about":[{"href":"https:\/\/tmg.hu\/sk\/wp-json\/wp\/v2\/types\/post"}],"author":[{"embeddable":true,"href":"https:\/\/tmg.hu\/sk\/wp-json\/wp\/v2\/users\/141"}],"replies":[{"embeddable":true,"href":"https:\/\/tmg.hu\/sk\/wp-json\/wp\/v2\/comments?post=9873"}],"version-history":[{"count":1,"href":"https:\/\/tmg.hu\/sk\/wp-json\/wp\/v2\/posts\/9873\/revisions"}],"predecessor-version":[{"id":10001,"href":"https:\/\/tmg.hu\/sk\/wp-json\/wp\/v2\/posts\/9873\/revisions\/10001"}],"wp:featuredmedia":[{"embeddable":true,"href":"https:\/\/tmg.hu\/sk\/wp-json\/wp\/v2\/media\/9995"}],"wp:attachment":[{"href":"https:\/\/tmg.hu\/sk\/wp-json\/wp\/v2\/media?parent=9873"}],"wp:term":[{"taxonomy":"category","embeddable":true,"href":"https:\/\/tmg.hu\/sk\/wp-json\/wp\/v2\/categories?post=9873"},{"taxonomy":"post_tag","embeddable":true,"href":"https:\/\/tmg.hu\/sk\/wp-json\/wp\/v2\/tags?post=9873"}],"curies":[{"name":"wp","href":"https:\/\/api.w.org\/{rel}","templated":true}]}}