{"id":10207,"date":"2025-05-29T15:02:01","date_gmt":"2025-05-29T13:02:01","guid":{"rendered":"https:\/\/tmg.hu\/?p=10207"},"modified":"2025-05-30T10:36:41","modified_gmt":"2025-05-30T08:36:41","slug":"tajomstvo-sa-skryva-v-pode","status":"publish","type":"post","link":"https:\/\/tmg.hu\/sk\/tajomstvo-sa-skryva-v-pode\/","title":{"rendered":"Zdrav\u00e9 stravovanie za\u010d\u00edna pri zdroji - tajomstvo spo\u010d\u00edva v p\u00f4de"},"content":{"rendered":"<p>Zdrav\u00e1 strava sa za\u010d\u00edna zlo\u017ekami a tie poch\u00e1dzaj\u00fa z oleja. Kvalita a zdravie p\u00f4dy ur\u010duje, ak\u00e9 zdrav\u00e9 a v\u00fd\u017eivn\u00e9 bud\u00fa na\u0161e potraviny. Cie\u013eom regenera\u010dn\u00fdch fariem je produkova\u0165 skuto\u010dn\u00e9, na \u017eiviny bohat\u00e9 potraviny - udr\u017eate\u013en\u00fdm sp\u00f4sobom, pri zachovan\u00ed \u017eivota v p\u00f4de.<\/p>\n\n\n\n<p>Tento \u010dl\u00e1nok by som mohol za\u010da\u0165 slovami: <em>\"Bohu\u017eia\u013e, je n\u00e1s st\u00e1le ve\u013emi m\u00e1lo regenerat\u00edvnych po\u013enohospod\u00e1rov...\"<\/em> - ale rad\u0161ej by som za\u010dal s pozit\u00edvami posledn\u00fdch rokov. Regenera\u010dn\u00e9 farmy, podobn\u00e9 permakult\u00farnym z\u00e1hrad\u00e1m, by mohli poskytova\u0165 kvalitn\u00e9 a v\u00fd\u017eivn\u00e9 potraviny uvedomel\u00fdm spotrebite\u013eom - dokonca vo v\u00e4\u010d\u0161om meradle.<\/p>\n\n\n\n<p>Niektor\u00ed \u013eudia si to u\u017e na\u0161\u0165astie uvedomili. Existuje napr\u00edklad nieko\u013eko partnerstiev medzi farm\u00e1rmi, pek\u00e1rmi a pek\u00e1rmi, ale existuje aj potenci\u00e1l pre \u010fal\u0161ie v\u00fdrobky vyu\u017e\u00edvaj\u00face regenerat\u00edvne suroviny a produkty.<\/p>\n\n\n\n<h2 class=\"wp-block-heading\">Zmena u\u017e prebieha<\/h2>\n\n\n\n<p>Ke\u010f som pred \u00f4smimi rokmi pre\u0161iel na regenerat\u00edvne po\u013enohospod\u00e1rstvo, bolo n\u00e1s v krajine len zop\u00e1r, ktor\u00ed takto uva\u017eovali. Vtedy som e\u0161te netu\u0161il, \u017ee po\u010det po\u013enohospod\u00e1rov, ktor\u00ed sa rozhodn\u00fa pre t\u00fato cestu, bude tak r\u00fdchlo r\u00e1s\u0165.<\/p>\n\n\n\n<p>A <strong>s rast\u00facim po\u010dtom uvedomel\u00fdch spotrebite\u013eov v mest\u00e1ch rastie aj po\u010det regenera\u010dn\u00fdch fariem na vidieku<\/strong>. T\u00edto dvaja sa v\u0161ak - zatia\u013e - navz\u00e1jom nenach\u00e1dzaj\u00fa.<\/p>\n\n\n\n<figure class=\"wp-block-image size-large\"><img fetchpriority=\"high\" decoding=\"async\" width=\"1024\" height=\"576\" src=\"https:\/\/tmg.hu\/wp-content\/uploads\/2025\/05\/egeszseges-zoldsegek-1024x576.jpg\" alt=\"\" class=\"wp-image-10211\" srcset=\"https:\/\/tmg.hu\/wp-content\/uploads\/2025\/05\/egeszseges-zoldsegek-1024x576.jpg 1024w, https:\/\/tmg.hu\/wp-content\/uploads\/2025\/05\/egeszseges-zoldsegek-300x169.jpg 300w, https:\/\/tmg.hu\/wp-content\/uploads\/2025\/05\/egeszseges-zoldsegek-768x432.jpg 768w, https:\/\/tmg.hu\/wp-content\/uploads\/2025\/05\/egeszseges-zoldsegek-1536x864.jpg 1536w, https:\/\/tmg.hu\/wp-content\/uploads\/2025\/05\/egeszseges-zoldsegek-18x10.jpg 18w, https:\/\/tmg.hu\/wp-content\/uploads\/2025\/05\/egeszseges-zoldsegek-600x338.jpg 600w, https:\/\/tmg.hu\/wp-content\/uploads\/2025\/05\/egeszseges-zoldsegek.jpg 1920w\" sizes=\"(max-width: 1024px) 100vw, 1024px\" \/><\/figure>\n\n\n\n<h2 class=\"wp-block-heading\">Regenera\u010dn\u00e9 potraviny namiesto priemyseln\u00fdch potrav\u00edn<\/h2>\n\n\n\n<p>Pre\u010do si vybra\u0165 potraviny z regenerat\u00edvnej v\u00fdroby? Preto\u017ee <strong>pln\u00fd \u017eivota<\/strong>. Z\u00e1merne som pou\u017eil slovo \"jedlo\", nie \"potravina\". Toto odvetvie vyr\u00e1ba potraviny - masovo vyr\u00e1ban\u00fd tovar, ktor\u00e9ho hlavn\u00fdm cie\u013eom je kvantita a zisk, nie kvalita alebo dlhodob\u00e1 udr\u017eate\u013enos\u0165.<\/p>\n\n\n\n<p><strong>Nekvalitn\u00e9 potraviny n\u00e1\u0161mu zdraviu neprospievaj\u00fa.<\/strong> Naopak. V s\u00fa\u010dasnosti existuje mno\u017estvo v\u00fdskumov, ktor\u00e9 dokazuj\u00fa, \u017ee nezdrav\u00e1 strava \u00fazko s\u00favis\u00ed s na\u0161imi modern\u00fdmi civiliza\u010dn\u00fdmi chorobami.<\/p>\n\n\n\n<p><strong>Priemyseln\u00e9 po\u013enohospod\u00e1rstvo je \u010dasto zalo\u017een\u00e9 na vy\u010derp\u00e1van\u00ed p\u00f4dy.<\/strong> Cie\u013eom je vy\u017em\u00fdka\u0165 z p\u00f4dy \u010do najviac, a\u017e do posledn\u00e9ho zrnka. Tieto met\u00f3dy ved\u00fa k vy\u010derpaniu prirodzen\u00e9ho \u017eivota v p\u00f4de a zvy\u0161uj\u00fa z\u00e1vislos\u0165 rastl\u00edn od vonkaj\u0161\u00edch vstupov - hnoj\u00edv, pestic\u00eddov.<\/p>\n\n\n\n<p><strong>Patog\u00e9ny alebo choroboplodn\u00e9 z\u00e1rodky sa ako prv\u00e9 objavuj\u00fa v odumieraj\u00facej p\u00f4de<\/strong>, a preto\u017ee s\u00fa ne\u017eiaduce, rie\u0161en\u00edm je viac chemik\u00e1li\u00ed, viac mechanick\u00fdch z\u00e1sahov - napr\u00edklad potenci\u00e1lne nebezpe\u010dn\u00e9 zvy\u0161ky rastl\u00edn sa hlboko podkop\u00e1vaj\u00fa, aby \"neprek\u00e1\u017eali\".<\/p>\n\n\n\n<p>Naopak, vedom\u00fd regenera\u010dn\u00fd farm\u00e1r vie: <strong>bez zdravej p\u00f4dy nie je zdrav\u00e1 rastlina, a teda ani skuto\u010dne v\u00fd\u017eivn\u00e1 plodina<\/strong>.<\/p>\n\n\n\n<p>A uvedomel\u00fd z\u00e1kazn\u00edk h\u013ead\u00e1 zdrav\u00e9 potraviny, ktor\u00e9 s\u00fa skuto\u010dne vyroben\u00e9 udr\u017eate\u013en\u00fdm sp\u00f4sobom, bohat\u00e9 na \u017eiviny a vitam\u00edny. \u010co by ste si teda mali vybra\u0165, aby ste jedli zdravo?<\/p>\n\n\n\n<h2 class=\"wp-block-heading\">Ovocie u\u017e nie je rovnak\u00e9 - \u010do sa stalo s na\u0161imi potravinami?<\/h2>\n\n\n\n<p>. <a href=\"https:\/\/pubmed.ncbi.nlm.nih.gov\/38540869\/\" target=\"_blank\" rel=\"noreferrer noopener\">Pod\u013ea \u0161t\u00fadie uverejnenej v roku 2024<\/a> <strong>obsah \u017eiv\u00edn v potravin\u00e1ch sa za posledn\u00fdch \u0161es\u0165desiat rokov v\u00fdrazne zn\u00ed\u017eil.<\/strong>, najm\u00e4 mno\u017estvo miner\u00e1lnych l\u00e1tok a prospe\u0161n\u00fdch zl\u00fa\u010den\u00edn, ktor\u00e9 sa nach\u00e1dzaj\u00fa v ovoc\u00ed, zelenine a z\u00e1kladn\u00fdch plodin\u00e1ch.<\/p>\n\n\n\n<p>Medzi d\u00f4vody patria:<\/p>\n\n\n\n<ul class=\"wp-block-list\">\n<li>nevhodn\u00e9 pou\u017e\u00edvanie hnoj\u00edv,<\/li>\n\n\n\n<li>uprednost\u0148ovanie menej v\u00fd\u017eivn\u00fdch, ale vysoko v\u00fdnosn\u00fdch odr\u00f4d a<\/li>\n\n\n\n<li>prechod od pr\u00edrodn\u00e9ho k chemick\u00e9mu po\u013enohospod\u00e1rstvu.<\/li>\n<\/ul>\n\n\n\n<p>Rie\u0161en\u00edm by bol n\u00e1vrat k tradi\u010dn\u00e9mu pestovaniu plod\u00edn bohat\u00fdch na \u017eiviny, <strong>zlep\u0161enie biodiverzity a \u00farodnosti p\u00f4dy<\/strong>zabezpe\u010di\u0165 zdrav\u00e9 potraviny pre bud\u00face gener\u00e1cie.<\/p>\n\n\n\n<figure class=\"wp-block-image size-large\"><img decoding=\"async\" width=\"1024\" height=\"576\" src=\"https:\/\/tmg.hu\/wp-content\/uploads\/2025\/05\/regenerativ-gazdalkodas-1024x576.png\" alt=\"\" class=\"wp-image-10212\" srcset=\"https:\/\/tmg.hu\/wp-content\/uploads\/2025\/05\/regenerativ-gazdalkodas-1024x576.png 1024w, https:\/\/tmg.hu\/wp-content\/uploads\/2025\/05\/regenerativ-gazdalkodas-300x169.png 300w, https:\/\/tmg.hu\/wp-content\/uploads\/2025\/05\/regenerativ-gazdalkodas-768x432.png 768w, https:\/\/tmg.hu\/wp-content\/uploads\/2025\/05\/regenerativ-gazdalkodas-1536x864.png 1536w, https:\/\/tmg.hu\/wp-content\/uploads\/2025\/05\/regenerativ-gazdalkodas-18x10.png 18w, https:\/\/tmg.hu\/wp-content\/uploads\/2025\/05\/regenerativ-gazdalkodas-600x338.png 600w, https:\/\/tmg.hu\/wp-content\/uploads\/2025\/05\/regenerativ-gazdalkodas.png 1920w\" sizes=\"(max-width: 1024px) 100vw, 1024px\" \/><\/figure>\n\n\n\n<h2 class=\"wp-block-heading\">\u010co ukazuj\u00fa v\u00fdskumy o v\u00fd\u017eivovej hodnote regenera\u010dn\u00fdch potrav\u00edn?<\/h2>\n\n\n\n<p>. <a href=\"https:\/\/peerj.com\/articles\/12848\/\" target=\"_blank\" rel=\"noreferrer noopener\">2022 \u0160t\u00fadia USA<\/a> regenera\u010dn\u00e9 po\u013enohospod\u00e1rske postupy, ako napr. <strong>bez obr\u00e1bania p\u00f4dy, krycie plodiny a striedanie plod\u00edn<\/strong> - v\u00fdrazne zlep\u0161i\u0165 obsah \u017eiv\u00edn v pestovan\u00fdch plodin\u00e1ch.<\/p>\n\n\n\n<p>V porovn\u00e1vacej \u0161t\u00fadii sa porovn\u00e1vali rovnak\u00e9 plodiny na susedn\u00fdch regenera\u010dn\u00fdch a konven\u010dn\u00fdch farm\u00e1ch. V\u00fdsledok: <strong>rastliny pestovan\u00e9 regenera\u010dn\u00fdmi met\u00f3dami obsahovali viac u\u017eito\u010dn\u00fdch vitam\u00ednov, miner\u00e1lov, fytochemik\u00e1li\u00ed a menej \u0161kodliv\u00fdch prvkov<\/strong>.<\/p>\n\n\n\n<p>Pod\u013ea v\u00fdskumn\u00edkov m\u00f4\u017ee biologick\u00e9 zdravie p\u00f4dy - najm\u00e4 pr\u00edtomnos\u0165 mikroorganizmov - zohr\u00e1va\u0165 k\u013e\u00fa\u010dov\u00fa \u00falohu v tom, ako kvalita p\u00f4dy ovplyv\u0148uje vplyv potrav\u00edn na zdravie. V\u00fdskum viedli David R. Montgomery a Anne Bikl\u00e9, autori publik\u00e1ci\u00ed P\u00f4da: er\u00f3zia civiliz\u00e1ci\u00ed a Skryt\u00e1 str\u00e1nka pr\u00edrody, ktor\u00e1 je predmetom kn\u00edh <a href=\"https:\/\/tmg.hu\/sk\/webovy-obchod\/\">Webov\u00fd obchod TMG<\/a> s\u00fa k dispoz\u00edcii.<\/p>\n\n\n\n<p>Pod\u013ea v\u00fdskumu Dana Kittredgea a Bionutrient Institute<strong> jedin\u00fdm konzistentn\u00fdm prediktorom hustoty \u017eiv\u00edn v rastlin\u00e1ch je respir\u00e1cia p\u00f4dy<\/strong>, ktor\u00e1 je ukazovate\u013eom \u017eivotnej aktivity p\u00f4dy - sk\u00f4r ako \u0161ir\u0161\u00ed sp\u00f4sob obr\u00e1bania.<\/p>\n\n\n\n<p>Ich v\u00fdsledky ukazuj\u00fa, \u017ee <strong>v\u00fd\u017eivov\u00e1 hodnota potrav\u00edn je priamo z\u00e1visl\u00e1 od zdravia a biologickej aktivity p\u00f4dy<\/strong>.<\/p>\n\n\n\n<figure class=\"wp-block-image size-large\"><img decoding=\"async\" width=\"1024\" height=\"576\" src=\"https:\/\/tmg.hu\/wp-content\/uploads\/2025\/05\/termofold-1024x576.png\" alt=\"\" class=\"wp-image-10213\" srcset=\"https:\/\/tmg.hu\/wp-content\/uploads\/2025\/05\/termofold-1024x576.png 1024w, https:\/\/tmg.hu\/wp-content\/uploads\/2025\/05\/termofold-300x169.png 300w, https:\/\/tmg.hu\/wp-content\/uploads\/2025\/05\/termofold-768x432.png 768w, https:\/\/tmg.hu\/wp-content\/uploads\/2025\/05\/termofold-1536x864.png 1536w, https:\/\/tmg.hu\/wp-content\/uploads\/2025\/05\/termofold-18x10.png 18w, https:\/\/tmg.hu\/wp-content\/uploads\/2025\/05\/termofold-600x338.png 600w, https:\/\/tmg.hu\/wp-content\/uploads\/2025\/05\/termofold.png 1920w\" sizes=\"(max-width: 1024px) 100vw, 1024px\" \/><\/figure>\n\n\n\n<h2 class=\"wp-block-heading\">Ekologick\u00e9 alebo regenera\u010dn\u00e9 - ak\u00fd je medzi nimi rozdiel?<\/h2>\n\n\n\n<p>\u013dudia, ktor\u00ed sa chc\u00fa stravova\u0165 zdravo, si \u010dasto vyberaj\u00fa biopotraviny. Situ\u00e1cia je v\u0161ak ove\u013ea zlo\u017eitej\u0161ia.<\/p>\n\n\n\n<p>Pr\u00e1ca Dana Kittredgea ukazuje, \u017ee potraviny s\u00fa bohat\u00e9 na \u017eiviny, ke\u010f je \u017eivot v p\u00f4de akt\u00edvny. Ke\u010f\u017ee v ekologickom po\u013enohospod\u00e1rstve nie s\u00fa povolen\u00e9 herbic\u00eddy, boj proti burine sa vykon\u00e1va mechanicky. P\u00f4da sa obr\u00e1ban\u00edm neust\u00e1le premiest\u0148uje, \u010do vedie k jej degrad\u00e1cii (\u010d\u00edm intenz\u00edvnej\u0161ie sa p\u00f4da nar\u00fa\u0161a, t\u00fdm menej je biologicky akt\u00edvna).<\/p>\n\n\n\n<p><strong>Hlavn\u00fdm z\u00e1ujmom a cie\u013eom regenerat\u00edvneho po\u013enohospod\u00e1ra je zdrav\u00e1 p\u00f4da.<\/strong><\/p>\n\n\n\n<p>Pou\u017e\u00edva s\u00edce pestic\u00eddy, ale sna\u017e\u00ed sa ich d\u00e1vkovanie obmedzi\u0165 na zlomok be\u017enej d\u00e1vky a nesp\u00f4sobova\u0165 probl\u00e9my rastlin\u00e1m ani p\u00f4de. \u010c\u00edm je p\u00f4da vit\u00e1lnej\u0161ia, t\u00fdm lep\u0161ie dok\u00e1\u017ee tlmi\u0165 a rozklada\u0165 chemik\u00e1lie. Aby nezostali v produktoch.<\/p>\n\n\n\n<p>Regenera\u010dn\u00e9 po\u013enohospod\u00e1rstvo je zalo\u017een\u00e9 na obnove a udr\u017eiavan\u00ed \u017eivota v p\u00f4de, tak\u017ee nielen chr\u00e1nime \u017eivotn\u00e9 prostredie, ale aj vyr\u00e1bame skuto\u010dn\u00e9 a kvalitn\u00e9 potraviny. Samozrejme, najlep\u0161\u00edm rie\u0161en\u00edm by bolo regenerat\u00edvne ekologick\u00e9 po\u013enohospod\u00e1rstvo, ale v\u00fdvoj technol\u00f3gi\u00ed, ktor\u00e9 by sa dali uplatni\u0165 vo ve\u013ekoplo\u0161nom po\u013enohospod\u00e1rstve, je e\u0161te st\u00e1le v\u00fdzvou do bud\u00facnosti.<\/p>\n\n\n\n<h2 class=\"wp-block-heading\">\u010co si vyberiete, ak chcete jes\u0165 zdravo?<\/h2>\n\n\n\n<p>Zdrav\u00e9 stravovanie nie je len o tom, \u010do jeme, ale aj o tom, ako sa <strong>ak\u00fd v\u00fdrobn\u00fd syst\u00e9m podporujeme svojimi rozhodnutiami.<\/strong>. Preto\u017ee skuto\u010dne zdrav\u00e9 potraviny za\u010d\u00ednaj\u00fa v p\u00f4de, presnej\u0161ie v mikroorganizmoch, ktor\u00e9 v nej \u017eij\u00fa.<\/p>\n\n\n\n<p>Ak uva\u017eujeme z dlhodob\u00e9ho h\u013eadiska - pre na\u0161e zdravie, \u017eivotn\u00e9 prostredie a bud\u00face gener\u00e1cie -, odpove\u010f je \u010doraz viac tak\u00e1to: <strong>regenera\u010dn\u00e9 potraviny<\/strong>.<\/p>\n\n\n\n<figure class=\"wp-block-image size-large\"><img loading=\"lazy\" decoding=\"async\" width=\"1024\" height=\"576\" src=\"https:\/\/tmg.hu\/wp-content\/uploads\/2025\/05\/huvelyes-zoldsegek-1024x576.jpg\" alt=\"\" class=\"wp-image-10214\" srcset=\"https:\/\/tmg.hu\/wp-content\/uploads\/2025\/05\/huvelyes-zoldsegek-1024x576.jpg 1024w, https:\/\/tmg.hu\/wp-content\/uploads\/2025\/05\/huvelyes-zoldsegek-300x169.jpg 300w, https:\/\/tmg.hu\/wp-content\/uploads\/2025\/05\/huvelyes-zoldsegek-768x432.jpg 768w, https:\/\/tmg.hu\/wp-content\/uploads\/2025\/05\/huvelyes-zoldsegek-1536x864.jpg 1536w, https:\/\/tmg.hu\/wp-content\/uploads\/2025\/05\/huvelyes-zoldsegek-18x10.jpg 18w, https:\/\/tmg.hu\/wp-content\/uploads\/2025\/05\/huvelyes-zoldsegek-600x338.jpg 600w, https:\/\/tmg.hu\/wp-content\/uploads\/2025\/05\/huvelyes-zoldsegek.jpg 1920w\" sizes=\"(max-width: 1024px) 100vw, 1024px\" \/><\/figure>","protected":false},"excerpt":{"rendered":"<p>Az eg\u00e9szs\u00e9ges t\u00e1pl\u00e1lkoz\u00e1s az alapanyagokn\u00e1l kezd\u0151dik, az alapanyag pedig a term\u0151f\u00f6lb\u0151l sz\u00e1rmazik. A talaj min\u0151s\u00e9ge \u00e9s eg\u00e9szs\u00e9ge hat\u00e1rozza meg, hogy mennyire lesz eg\u00e9szs\u00e9ges \u00e9s t\u00e1pl\u00e1l\u00f3 az \u00e9lelm\u00fcnk. A regenerat\u00edv gazdas\u00e1gok c\u00e9lja, hogy val\u00f3di, t\u00e1panyagban gazdag \u00e9lelmet \u00e1ll\u00edtsanak el\u0151 \u2013 fenntarthat\u00f3 m\u00f3don, a talaj\u00e9let meg\u0151rz\u00e9s\u00e9vel. Ezt a cikket ak\u00e1r kezdhetn\u00e9m \u00fagy is, hogy: \u201eSajnos m\u00e9g mindig [&hellip;]<\/p>","protected":false},"author":141,"featured_media":10210,"comment_status":"closed","ping_status":"closed","sticky":false,"template":"","format":"standard","meta":{"footnotes":""},"categories":[37,40,48],"tags":[45],"class_list":["post-10207","post","type-post","status-publish","format-standard","has-post-thumbnail","hentry","category-ember","category-noveny","category-talaj","tag-cikk"],"yoast_head":"<!-- This site is optimized with the Yoast SEO plugin v26.6 - https:\/\/yoast.com\/wordpress\/plugins\/seo\/ -->\n<title>Az eg\u00e9szs\u00e9ges t\u00e1pl\u00e1lkoz\u00e1s a forr\u00e1sn\u00e1l kezd\u0151dik \u2013 A titok a talaj\u00e9letben rejlik - Talajmeg\u00faj\u00edt\u00f3 Gazd\u00e1k Egyes\u00fclete<\/title>\n<meta name=\"description\" content=\"Az eg\u00e9szs\u00e9ges t\u00e1pl\u00e1lkoz\u00e1s a talajn\u00e1l kezd\u0151dik. Ismerd meg, hogyan seg\u00edti a regenerat\u00edv gazd\u00e1lkod\u00e1s a val\u00f3ban t\u00e1panyagd\u00fas \u00e9lelem el\u0151\u00e1ll\u00edt\u00e1s\u00e1t.\" \/>\n<meta name=\"robots\" content=\"index, follow, max-snippet:-1, max-image-preview:large, max-video-preview:-1\" \/>\n<link rel=\"canonical\" href=\"https:\/\/tmg.hu\/sk\/tajomstvo-sa-skryva-v-pode\/\" \/>\n<meta property=\"og:locale\" content=\"sk_SK\" \/>\n<meta property=\"og:type\" content=\"article\" \/>\n<meta property=\"og:title\" content=\"Az eg\u00e9szs\u00e9ges t\u00e1pl\u00e1lkoz\u00e1s a forr\u00e1sn\u00e1l kezd\u0151dik \u2013 A titok a talaj\u00e9letben rejlik - Talajmeg\u00faj\u00edt\u00f3 Gazd\u00e1k Egyes\u00fclete\" \/>\n<meta property=\"og:description\" content=\"Az eg\u00e9szs\u00e9ges t\u00e1pl\u00e1lkoz\u00e1s a talajn\u00e1l kezd\u0151dik. Ismerd meg, hogyan seg\u00edti a regenerat\u00edv gazd\u00e1lkod\u00e1s a val\u00f3ban t\u00e1panyagd\u00fas \u00e9lelem el\u0151\u00e1ll\u00edt\u00e1s\u00e1t.\" \/>\n<meta property=\"og:url\" content=\"https:\/\/tmg.hu\/sk\/tajomstvo-sa-skryva-v-pode\/\" \/>\n<meta property=\"og:site_name\" content=\"Talajmeg\u00faj\u00edt\u00f3 Gazd\u00e1k Egyes\u00fclete\" \/>\n<meta property=\"article:publisher\" content=\"https:\/\/www.facebook.com\/tmg.egyesulet\/\" \/>\n<meta property=\"article:published_time\" content=\"2025-05-29T13:02:01+00:00\" \/>\n<meta property=\"article:modified_time\" content=\"2025-05-30T08:36:41+00:00\" \/>\n<meta property=\"og:image\" content=\"https:\/\/tmg.hu\/wp-content\/uploads\/2025\/05\/egeszseges-taplalkozas.png\" \/>\n\t<meta property=\"og:image:width\" content=\"1536\" \/>\n\t<meta property=\"og:image:height\" content=\"1024\" \/>\n\t<meta property=\"og:image:type\" content=\"image\/png\" \/>\n<meta name=\"author\" content=\"Csizm\u00e1n Zolt\u00e1n\" \/>\n<meta name=\"twitter:card\" content=\"summary_large_image\" \/>\n<meta name=\"twitter:label1\" content=\"Autor\" \/>\n\t<meta name=\"twitter:data1\" content=\"Csizm\u00e1n Zolt\u00e1n\" \/>\n\t<meta name=\"twitter:label2\" content=\"Predpokladan\u00fd \u010das \u010d\u00edtania\" \/>\n\t<meta name=\"twitter:data2\" content=\"6 min\u00fat\" \/>\n<script type=\"application\/ld+json\" class=\"yoast-schema-graph\">{\"@context\":\"https:\/\/schema.org\",\"@graph\":[{\"@type\":\"Article\",\"@id\":\"https:\/\/tmg.hu\/az-egeszseges-taplalkozas-a-forrasnal-kezdodik-a-titok-a-talajeletben-rejlik\/#article\",\"isPartOf\":{\"@id\":\"https:\/\/tmg.hu\/az-egeszseges-taplalkozas-a-forrasnal-kezdodik-a-titok-a-talajeletben-rejlik\/\"},\"author\":{\"name\":\"Csizm\u00e1n Zolt\u00e1n\",\"@id\":\"https:\/\/tmg.hu\/#\/schema\/person\/3848fe83e5041cff6a4b3dc1a7725505\"},\"headline\":\"Az eg\u00e9szs\u00e9ges t\u00e1pl\u00e1lkoz\u00e1s a forr\u00e1sn\u00e1l kezd\u0151dik \u2013 A titok a talaj\u00e9letben rejlik\",\"datePublished\":\"2025-05-29T13:02:01+00:00\",\"dateModified\":\"2025-05-30T08:36:41+00:00\",\"mainEntityOfPage\":{\"@id\":\"https:\/\/tmg.hu\/az-egeszseges-taplalkozas-a-forrasnal-kezdodik-a-titok-a-talajeletben-rejlik\/\"},\"wordCount\":1414,\"publisher\":{\"@id\":\"https:\/\/tmg.hu\/#organization\"},\"image\":{\"@id\":\"https:\/\/tmg.hu\/az-egeszseges-taplalkozas-a-forrasnal-kezdodik-a-titok-a-talajeletben-rejlik\/#primaryimage\"},\"thumbnailUrl\":\"https:\/\/tmg.hu\/wp-content\/uploads\/2025\/05\/egeszseges-taplalkozas.png\",\"keywords\":[\"Cikk\"],\"articleSection\":[\"Ember\",\"N\u00f6v\u00e9ny\",\"Talaj\"],\"inLanguage\":\"sk-SK\"},{\"@type\":\"WebPage\",\"@id\":\"https:\/\/tmg.hu\/az-egeszseges-taplalkozas-a-forrasnal-kezdodik-a-titok-a-talajeletben-rejlik\/\",\"url\":\"https:\/\/tmg.hu\/az-egeszseges-taplalkozas-a-forrasnal-kezdodik-a-titok-a-talajeletben-rejlik\/\",\"name\":\"Az eg\u00e9szs\u00e9ges t\u00e1pl\u00e1lkoz\u00e1s a forr\u00e1sn\u00e1l kezd\u0151dik \u2013 A titok a talaj\u00e9letben rejlik - Talajmeg\u00faj\u00edt\u00f3 Gazd\u00e1k Egyes\u00fclete\",\"isPartOf\":{\"@id\":\"https:\/\/tmg.hu\/#website\"},\"primaryImageOfPage\":{\"@id\":\"https:\/\/tmg.hu\/az-egeszseges-taplalkozas-a-forrasnal-kezdodik-a-titok-a-talajeletben-rejlik\/#primaryimage\"},\"image\":{\"@id\":\"https:\/\/tmg.hu\/az-egeszseges-taplalkozas-a-forrasnal-kezdodik-a-titok-a-talajeletben-rejlik\/#primaryimage\"},\"thumbnailUrl\":\"https:\/\/tmg.hu\/wp-content\/uploads\/2025\/05\/egeszseges-taplalkozas.png\",\"datePublished\":\"2025-05-29T13:02:01+00:00\",\"dateModified\":\"2025-05-30T08:36:41+00:00\",\"description\":\"Az eg\u00e9szs\u00e9ges t\u00e1pl\u00e1lkoz\u00e1s a talajn\u00e1l kezd\u0151dik. Ismerd meg, hogyan seg\u00edti a regenerat\u00edv gazd\u00e1lkod\u00e1s a val\u00f3ban t\u00e1panyagd\u00fas \u00e9lelem el\u0151\u00e1ll\u00edt\u00e1s\u00e1t.\",\"breadcrumb\":{\"@id\":\"https:\/\/tmg.hu\/az-egeszseges-taplalkozas-a-forrasnal-kezdodik-a-titok-a-talajeletben-rejlik\/#breadcrumb\"},\"inLanguage\":\"sk-SK\",\"potentialAction\":[{\"@type\":\"ReadAction\",\"target\":[\"https:\/\/tmg.hu\/az-egeszseges-taplalkozas-a-forrasnal-kezdodik-a-titok-a-talajeletben-rejlik\/\"]}]},{\"@type\":\"ImageObject\",\"inLanguage\":\"sk-SK\",\"@id\":\"https:\/\/tmg.hu\/az-egeszseges-taplalkozas-a-forrasnal-kezdodik-a-titok-a-talajeletben-rejlik\/#primaryimage\",\"url\":\"https:\/\/tmg.hu\/wp-content\/uploads\/2025\/05\/egeszseges-taplalkozas.png\",\"contentUrl\":\"https:\/\/tmg.hu\/wp-content\/uploads\/2025\/05\/egeszseges-taplalkozas.png\",\"width\":1536,\"height\":1024},{\"@type\":\"BreadcrumbList\",\"@id\":\"https:\/\/tmg.hu\/az-egeszseges-taplalkozas-a-forrasnal-kezdodik-a-titok-a-talajeletben-rejlik\/#breadcrumb\",\"itemListElement\":[{\"@type\":\"ListItem\",\"position\":1,\"name\":\"Home\",\"item\":\"https:\/\/tmg.hu\/\"},{\"@type\":\"ListItem\",\"position\":2,\"name\":\"Az eg\u00e9szs\u00e9ges t\u00e1pl\u00e1lkoz\u00e1s a forr\u00e1sn\u00e1l kezd\u0151dik \u2013 A titok a talaj\u00e9letben rejlik\"}]},{\"@type\":\"WebSite\",\"@id\":\"https:\/\/tmg.hu\/#website\",\"url\":\"https:\/\/tmg.hu\/\",\"name\":\"TMG - Talajmeg\u00faj\u00edt\u00f3 Gazd\u00e1k Egyes\u00fclete\",\"description\":\"Talajmeg\u00faj\u00edt\u00f3 Gazd\u00e1k Egyes\u00fclete\",\"publisher\":{\"@id\":\"https:\/\/tmg.hu\/#organization\"},\"potentialAction\":[{\"@type\":\"SearchAction\",\"target\":{\"@type\":\"EntryPoint\",\"urlTemplate\":\"https:\/\/tmg.hu\/?s={search_term_string}\"},\"query-input\":{\"@type\":\"PropertyValueSpecification\",\"valueRequired\":true,\"valueName\":\"search_term_string\"}}],\"inLanguage\":\"sk-SK\"},{\"@type\":\"Organization\",\"@id\":\"https:\/\/tmg.hu\/#organization\",\"name\":\"Talajmeg\u00faj\u00edt\u00f3 Gazd\u00e1k Egyes\u00fclete\",\"url\":\"https:\/\/tmg.hu\/\",\"logo\":{\"@type\":\"ImageObject\",\"inLanguage\":\"sk-SK\",\"@id\":\"https:\/\/tmg.hu\/#\/schema\/logo\/image\/\",\"url\":\"https:\/\/tmg.hu\/wp-content\/uploads\/2024\/10\/tmg_og_logo.png\",\"contentUrl\":\"https:\/\/tmg.hu\/wp-content\/uploads\/2024\/10\/tmg_og_logo.png\",\"width\":1200,\"height\":630,\"caption\":\"Talajmeg\u00faj\u00edt\u00f3 Gazd\u00e1k Egyes\u00fclete\"},\"image\":{\"@id\":\"https:\/\/tmg.hu\/#\/schema\/logo\/image\/\"},\"sameAs\":[\"https:\/\/www.facebook.com\/tmg.egyesulet\/\",\"https:\/\/www.instagram.com\/tmg.hu\/\",\"https:\/\/www.youtube.com\/@tmg_egyesulet\"]},{\"@type\":\"Person\",\"@id\":\"https:\/\/tmg.hu\/#\/schema\/person\/3848fe83e5041cff6a4b3dc1a7725505\",\"name\":\"Csizm\u00e1n Zolt\u00e1n\"}]}<\/script>\n<!-- \/ Yoast SEO plugin. -->","yoast_head_json":{"title":"Zdrav\u00e1 v\u00fd\u017eiva za\u010d\u00edna pri zdroji - tajomstvo spo\u010d\u00edva v \u017eivote p\u00f4dy - Zdru\u017eenie farm\u00e1rov pre obnovu p\u00f4dy","description":"Zdrav\u00e1 v\u00fd\u017eiva sa za\u010d\u00edna v p\u00f4de. Zistite, ako m\u00f4\u017ee regenera\u010dn\u00e9 po\u013enohospod\u00e1rstvo pom\u00f4c\u0165 produkova\u0165 skuto\u010dne v\u00fd\u017eivn\u00e9 potraviny.","robots":{"index":"index","follow":"follow","max-snippet":"max-snippet:-1","max-image-preview":"max-image-preview:large","max-video-preview":"max-video-preview:-1"},"canonical":"https:\/\/tmg.hu\/sk\/tajomstvo-sa-skryva-v-pode\/","og_locale":"sk_SK","og_type":"article","og_title":"Az eg\u00e9szs\u00e9ges t\u00e1pl\u00e1lkoz\u00e1s a forr\u00e1sn\u00e1l kezd\u0151dik \u2013 A titok a talaj\u00e9letben rejlik - Talajmeg\u00faj\u00edt\u00f3 Gazd\u00e1k Egyes\u00fclete","og_description":"Az eg\u00e9szs\u00e9ges t\u00e1pl\u00e1lkoz\u00e1s a talajn\u00e1l kezd\u0151dik. Ismerd meg, hogyan seg\u00edti a regenerat\u00edv gazd\u00e1lkod\u00e1s a val\u00f3ban t\u00e1panyagd\u00fas \u00e9lelem el\u0151\u00e1ll\u00edt\u00e1s\u00e1t.","og_url":"https:\/\/tmg.hu\/sk\/tajomstvo-sa-skryva-v-pode\/","og_site_name":"Talajmeg\u00faj\u00edt\u00f3 Gazd\u00e1k Egyes\u00fclete","article_publisher":"https:\/\/www.facebook.com\/tmg.egyesulet\/","article_published_time":"2025-05-29T13:02:01+00:00","article_modified_time":"2025-05-30T08:36:41+00:00","og_image":[{"width":1536,"height":1024,"url":"https:\/\/tmg.hu\/wp-content\/uploads\/2025\/05\/egeszseges-taplalkozas.png","type":"image\/png"}],"author":"Csizm\u00e1n Zolt\u00e1n","twitter_card":"summary_large_image","twitter_misc":{"Autor":"Csizm\u00e1n Zolt\u00e1n","Predpokladan\u00fd \u010das \u010d\u00edtania":"6 min\u00fat"},"schema":{"@context":"https:\/\/schema.org","@graph":[{"@type":"Article","@id":"https:\/\/tmg.hu\/az-egeszseges-taplalkozas-a-forrasnal-kezdodik-a-titok-a-talajeletben-rejlik\/#article","isPartOf":{"@id":"https:\/\/tmg.hu\/az-egeszseges-taplalkozas-a-forrasnal-kezdodik-a-titok-a-talajeletben-rejlik\/"},"author":{"name":"Csizm\u00e1n Zolt\u00e1n","@id":"https:\/\/tmg.hu\/#\/schema\/person\/3848fe83e5041cff6a4b3dc1a7725505"},"headline":"Az eg\u00e9szs\u00e9ges t\u00e1pl\u00e1lkoz\u00e1s a forr\u00e1sn\u00e1l kezd\u0151dik \u2013 A titok a talaj\u00e9letben rejlik","datePublished":"2025-05-29T13:02:01+00:00","dateModified":"2025-05-30T08:36:41+00:00","mainEntityOfPage":{"@id":"https:\/\/tmg.hu\/az-egeszseges-taplalkozas-a-forrasnal-kezdodik-a-titok-a-talajeletben-rejlik\/"},"wordCount":1414,"publisher":{"@id":"https:\/\/tmg.hu\/#organization"},"image":{"@id":"https:\/\/tmg.hu\/az-egeszseges-taplalkozas-a-forrasnal-kezdodik-a-titok-a-talajeletben-rejlik\/#primaryimage"},"thumbnailUrl":"https:\/\/tmg.hu\/wp-content\/uploads\/2025\/05\/egeszseges-taplalkozas.png","keywords":["Cikk"],"articleSection":["Ember","N\u00f6v\u00e9ny","Talaj"],"inLanguage":"sk-SK"},{"@type":"WebPage","@id":"https:\/\/tmg.hu\/az-egeszseges-taplalkozas-a-forrasnal-kezdodik-a-titok-a-talajeletben-rejlik\/","url":"https:\/\/tmg.hu\/az-egeszseges-taplalkozas-a-forrasnal-kezdodik-a-titok-a-talajeletben-rejlik\/","name":"Zdrav\u00e1 v\u00fd\u017eiva za\u010d\u00edna pri zdroji - tajomstvo spo\u010d\u00edva v \u017eivote p\u00f4dy - Zdru\u017eenie farm\u00e1rov pre obnovu p\u00f4dy","isPartOf":{"@id":"https:\/\/tmg.hu\/#website"},"primaryImageOfPage":{"@id":"https:\/\/tmg.hu\/az-egeszseges-taplalkozas-a-forrasnal-kezdodik-a-titok-a-talajeletben-rejlik\/#primaryimage"},"image":{"@id":"https:\/\/tmg.hu\/az-egeszseges-taplalkozas-a-forrasnal-kezdodik-a-titok-a-talajeletben-rejlik\/#primaryimage"},"thumbnailUrl":"https:\/\/tmg.hu\/wp-content\/uploads\/2025\/05\/egeszseges-taplalkozas.png","datePublished":"2025-05-29T13:02:01+00:00","dateModified":"2025-05-30T08:36:41+00:00","description":"Zdrav\u00e1 v\u00fd\u017eiva sa za\u010d\u00edna v p\u00f4de. Zistite, ako m\u00f4\u017ee regenera\u010dn\u00e9 po\u013enohospod\u00e1rstvo pom\u00f4c\u0165 produkova\u0165 skuto\u010dne v\u00fd\u017eivn\u00e9 potraviny.","breadcrumb":{"@id":"https:\/\/tmg.hu\/az-egeszseges-taplalkozas-a-forrasnal-kezdodik-a-titok-a-talajeletben-rejlik\/#breadcrumb"},"inLanguage":"sk-SK","potentialAction":[{"@type":"ReadAction","target":["https:\/\/tmg.hu\/az-egeszseges-taplalkozas-a-forrasnal-kezdodik-a-titok-a-talajeletben-rejlik\/"]}]},{"@type":"ImageObject","inLanguage":"sk-SK","@id":"https:\/\/tmg.hu\/az-egeszseges-taplalkozas-a-forrasnal-kezdodik-a-titok-a-talajeletben-rejlik\/#primaryimage","url":"https:\/\/tmg.hu\/wp-content\/uploads\/2025\/05\/egeszseges-taplalkozas.png","contentUrl":"https:\/\/tmg.hu\/wp-content\/uploads\/2025\/05\/egeszseges-taplalkozas.png","width":1536,"height":1024},{"@type":"BreadcrumbList","@id":"https:\/\/tmg.hu\/az-egeszseges-taplalkozas-a-forrasnal-kezdodik-a-titok-a-talajeletben-rejlik\/#breadcrumb","itemListElement":[{"@type":"ListItem","position":1,"name":"Home","item":"https:\/\/tmg.hu\/"},{"@type":"ListItem","position":2,"name":"Az eg\u00e9szs\u00e9ges t\u00e1pl\u00e1lkoz\u00e1s a forr\u00e1sn\u00e1l kezd\u0151dik \u2013 A titok a talaj\u00e9letben rejlik"}]},{"@type":"WebSite","@id":"https:\/\/tmg.hu\/#website","url":"https:\/\/tmg.hu\/","name":"TMG - Zdru\u017eenie po\u013enohospod\u00e1rov pre obnovu p\u00f4dy","description":"Zdru\u017eenie po\u013enohospod\u00e1rov pre obnovu p\u00f4dy","publisher":{"@id":"https:\/\/tmg.hu\/#organization"},"potentialAction":[{"@type":"SearchAction","target":{"@type":"EntryPoint","urlTemplate":"https:\/\/tmg.hu\/?s={search_term_string}"},"query-input":{"@type":"PropertyValueSpecification","valueRequired":true,"valueName":"search_term_string"}}],"inLanguage":"sk-SK"},{"@type":"Organization","@id":"https:\/\/tmg.hu\/#organization","name":"Zdru\u017eenie po\u013enohospod\u00e1rov pre obnovu p\u00f4dy","url":"https:\/\/tmg.hu\/","logo":{"@type":"ImageObject","inLanguage":"sk-SK","@id":"https:\/\/tmg.hu\/#\/schema\/logo\/image\/","url":"https:\/\/tmg.hu\/wp-content\/uploads\/2024\/10\/tmg_og_logo.png","contentUrl":"https:\/\/tmg.hu\/wp-content\/uploads\/2024\/10\/tmg_og_logo.png","width":1200,"height":630,"caption":"Talajmeg\u00faj\u00edt\u00f3 Gazd\u00e1k Egyes\u00fclete"},"image":{"@id":"https:\/\/tmg.hu\/#\/schema\/logo\/image\/"},"sameAs":["https:\/\/www.facebook.com\/tmg.egyesulet\/","https:\/\/www.instagram.com\/tmg.hu\/","https:\/\/www.youtube.com\/@tmg_egyesulet"]},{"@type":"Person","@id":"https:\/\/tmg.hu\/#\/schema\/person\/3848fe83e5041cff6a4b3dc1a7725505","name":"Zolt\u00e1n Csizm\u00e1n"}]}},"_links":{"self":[{"href":"https:\/\/tmg.hu\/sk\/wp-json\/wp\/v2\/posts\/10207","targetHints":{"allow":["GET"]}}],"collection":[{"href":"https:\/\/tmg.hu\/sk\/wp-json\/wp\/v2\/posts"}],"about":[{"href":"https:\/\/tmg.hu\/sk\/wp-json\/wp\/v2\/types\/post"}],"author":[{"embeddable":true,"href":"https:\/\/tmg.hu\/sk\/wp-json\/wp\/v2\/users\/141"}],"replies":[{"embeddable":true,"href":"https:\/\/tmg.hu\/sk\/wp-json\/wp\/v2\/comments?post=10207"}],"version-history":[{"count":3,"href":"https:\/\/tmg.hu\/sk\/wp-json\/wp\/v2\/posts\/10207\/revisions"}],"predecessor-version":[{"id":10215,"href":"https:\/\/tmg.hu\/sk\/wp-json\/wp\/v2\/posts\/10207\/revisions\/10215"}],"wp:featuredmedia":[{"embeddable":true,"href":"https:\/\/tmg.hu\/sk\/wp-json\/wp\/v2\/media\/10210"}],"wp:attachment":[{"href":"https:\/\/tmg.hu\/sk\/wp-json\/wp\/v2\/media?parent=10207"}],"wp:term":[{"taxonomy":"category","embeddable":true,"href":"https:\/\/tmg.hu\/sk\/wp-json\/wp\/v2\/categories?post=10207"},{"taxonomy":"post_tag","embeddable":true,"href":"https:\/\/tmg.hu\/sk\/wp-json\/wp\/v2\/tags?post=10207"}],"curies":[{"name":"wp","href":"https:\/\/api.w.org\/{rel}","templated":true}]}}