{"id":10429,"date":"2025-09-10T14:31:33","date_gmt":"2025-09-10T12:31:33","guid":{"rendered":"https:\/\/tmg.hu\/?p=10429"},"modified":"2025-09-10T14:31:35","modified_gmt":"2025-09-10T12:31:35","slug":"okresowe-wypasanie-w-karkonoszach-wizyta-w-gospodarstwie-zemex","status":"publish","type":"post","link":"https:\/\/tmg.hu\/pl\/okresowe-wypasanie-w-karkonoszach-wizyta-w-gospodarstwie-zemex\/","title":{"rendered":"Wypas okresowy u podn\u00f3\u017ca Karkonoszy \u2013 wizyta w gospodarstwie Zemex"},"content":{"rendered":"<p>Wypas okresowy stanowi obecnie przysz\u0142o\u015b\u0107 dla coraz wi\u0119kszej liczby rolnik\u00f3w: chroni gleb\u0119, zwi\u0119ksza plony pastwisk i poprawia zdrowie zwierz\u0105t.<\/p>\n\n\n\n<p>Ale jak ta metoda sprawdza si\u0119 w codziennej praktyce? Zsuzsi, pomocniczka Stowarzyszenia Rolnik\u00f3w Odnawiaj\u0105cych Gleby, odwiedzi\u0142a gospodarstwo Zemex u podn\u00f3\u017ca Karkonoszy i na w\u0142asne oczy przekona\u0142a si\u0119, jakie zmiany przynosi dobrze zorganizowany system wypasu.<\/p>\n\n\n\n<h2 class=\"wp-block-heading\">Du\u017co byd\u0142a na pastwisku<\/h2>\n\n\n\n<p>Kiedy w czerwcu 2025 roku by\u0142em u podn\u00f3\u017ca Karkonoszy, pierwsz\u0105 rzecz\u0105, jak\u0105 zrobi\u0142em, by\u0142o sprawdzenie, do kogo nale\u017cy ta ogromna liczba byd\u0142a, kt\u00f3re widzia\u0142em praktycznie wsz\u0119dzie. Nie musia\u0142em d\u0142ugo szuka\u0107 \u2013 odpowied\u017a pojawi\u0142a si\u0119 tu\u017c przy drodze: <strong>Zemex \u2013 ekologiczne mi\u0119so wo\u0142owe<\/strong>. Strona internetowa firmy <a href=\"https:\/\/zemex.cz\/cs\" target=\"_blank\" rel=\"noreferrer noopener\">Biohov\u011bz\u00ed z Krkono\u0161<\/a> Pod nazw\u0105 t\u0105 mo\u017cna znale\u017a\u0107 mn\u00f3stwo informacji na temat gospodarki i produkt\u00f3w. Firma jest r\u00f3wnie\u017c aktywna na Facebooku: mo\u017cna j\u0105 znale\u017a\u0107 pod nazw\u0105 ZEMEX.<\/p>\n\n\n\n<p><strong>Gospodarka w p\u00f3\u0142nocnej cz\u0119\u015bci Czech<\/strong>, w regionie Liberec, <strong>u podn\u00f3\u017ca Karkonoszy, na wysoko\u015bci 600\u2013800 metr\u00f3w<\/strong>. W XX wieku w miejscowo\u015bci tej prowadzono ju\u017c hodowl\u0119 zwierz\u0105t, a firma Zemex powsta\u0142a w 1991 roku, po upa\u0144stwowieniu, w wyniku po\u0142\u0105czenia kilku dawnych gospodarstw pa\u0144stwowych, na obszarze oko\u0142o 700 hektar\u00f3w. Teren ten trafi\u0142 w\u00f3wczas do ojca Jany B\u00e9movej, kt\u00f3ry pocz\u0105tkowo zajmowa\u0142 si\u0119 produkcj\u0105 mleka.<\/p>\n\n\n\n<p>A <strong>zmiana \u2013 w kierunku podej\u015bcia ekologicznego i produkcji mi\u0119sa<\/strong> \u2013 jest ju\u017c zwi\u0105zana z Jan\u0105, kt\u00f3ra przej\u0119\u0142a gospodarstwo w latach 2000. Od 2014 roku specjalizuj\u0105 si\u0119 wy\u0142\u0105cznie w hodowli byd\u0142a mi\u0119snego, g\u0142\u00f3wnie ras Aberdeen Angus i Simental. Wa\u017cne jest, \u017ce ciel\u0119ta nie s\u0105 oddzielane od matek wcze\u015bnie \u2013 pozostaj\u0105 razem, dop\u00f3ki nie zostan\u0105 naturalnie oddzielone.<\/p>\n\n\n\n<figure class=\"wp-block-image size-large\"><img fetchpriority=\"high\" decoding=\"async\" width=\"768\" height=\"1024\" src=\"https:\/\/tmg.hu\/wp-content\/uploads\/2025\/09\/zold-tabla-hely-mezogazdasagi-tortenetevel-768x1024.jpg\" alt=\"\" class=\"wp-image-10432\" srcset=\"https:\/\/tmg.hu\/wp-content\/uploads\/2025\/09\/zold-tabla-hely-mezogazdasagi-tortenetevel-768x1024.jpg 768w, https:\/\/tmg.hu\/wp-content\/uploads\/2025\/09\/zold-tabla-hely-mezogazdasagi-tortenetevel-225x300.jpg 225w, https:\/\/tmg.hu\/wp-content\/uploads\/2025\/09\/zold-tabla-hely-mezogazdasagi-tortenetevel-1152x1536.jpg 1152w, https:\/\/tmg.hu\/wp-content\/uploads\/2025\/09\/zold-tabla-hely-mezogazdasagi-tortenetevel-1536x2048.jpg 1536w, https:\/\/tmg.hu\/wp-content\/uploads\/2025\/09\/zold-tabla-hely-mezogazdasagi-tortenetevel-9x12.jpg 9w, https:\/\/tmg.hu\/wp-content\/uploads\/2025\/09\/zold-tabla-hely-mezogazdasagi-tortenetevel-300x400.jpg 300w, https:\/\/tmg.hu\/wp-content\/uploads\/2025\/09\/zold-tabla-hely-mezogazdasagi-tortenetevel-600x800.jpg 600w, https:\/\/tmg.hu\/wp-content\/uploads\/2025\/09\/zold-tabla-hely-mezogazdasagi-tortenetevel-scaled.jpg 1920w\" sizes=\"(max-width: 768px) 100vw, 768px\" \/><\/figure>\n\n\n\n<h2 class=\"wp-block-heading\">Gospodarstwo, w kt\u00f3rym nawet trawa mo\u017ce odpocz\u0105\u0107<\/h2>\n\n\n\n<p>Szczeg\u00f3lnie godna uwagi jest metoda wypasu. W sezonie wiosenno-letnio-jesiennym byd\u0142o przebywa w g\u00f3rach, podzielone na grupy licz\u0105ce od 40 do 55 sztuk. Nie pozostaje ono przez ca\u0142e lato na jednym du\u017cym pastwisku, ale w\u0142a\u015bciciele <strong>stosuj\u0105 wypas okresowy<\/strong>. Oznacza to, \u017ce obszar zostanie podzielony na mniejsze dzia\u0142ki \u2013 kilka sekcji \u2013 i <strong>dru\u017cyna jest przenoszona do nowej cz\u0119\u015bci co oko\u0142o 5 dni<\/strong>. Przechodz\u0105 do innego odcinka, dzi\u0119ki czemu zawsze znajduj\u0105 \u015bwie\u017c\u0105 traw\u0119 i zio\u0142a. Wypasany obszar mo\u017ce odpocz\u0105\u0107 i zregenerowa\u0107 si\u0119.<\/p>\n\n\n\n<p>Du\u017c\u0105 zalet\u0105 tej metody jest wzmocnienie korzeni ro\u015blin, wzbogacenie gleby i lepsze zatrzymywanie wilgoci, co jest nieocenione w g\u00f3rach, a zw\u0142aszcza w okresach suszy.<\/p>\n\n\n\n<figure class=\"wp-block-embed is-type-video is-provider-youtube wp-block-embed-youtube wp-embed-aspect-16-9 wp-has-aspect-ratio\"><div class=\"wp-block-embed__wrapper\">\n<iframe title=\"Wypas okresowy u podn\u00f3\u017ca Karkonoszy \u2013 wizyta na farmie Zemex \u2013 krowy pastwiskowe\" width=\"960\" height=\"540\" src=\"https:\/\/www.youtube.com\/embed\/kBhstyViWSk?feature=oembed\" frameborder=\"0\" allow=\"accelerometer; autoplay; clipboard-write; encrypted-media; gyroscope; picture-in-picture; web-share\" referrerpolicy=\"strict-origin-when-cross-origin\" allowfullscreen><\/iframe>\n<\/div><\/figure>\n\n\n\n<h2 class=\"wp-block-heading\">Jak przebiega zmiana pastwisk?<\/h2>\n\n\n\n<p>Po skontaktowaniu si\u0119 z gospodarstwem, ku mojemu zaskoczeniu, natychmiast otrzyma\u0142em mi\u0142\u0105 odpowied\u017a. W\u0142a\u015bciciel zaproponowa\u0142, \u017ce pewnego czerwcowego poranka poka\u017ce mi zmian\u0119 pastwisk.<\/p>\n\n\n\n<p>Jana osobi\u015bcie po mnie przyjecha\u0142a i zabra\u0142a mnie na miejsce. By\u0142o tam ju\u017c 3\u20134 pracownik\u00f3w, w tym jej syn, kt\u00f3rzy oddzielaj\u0105 cz\u0119\u015b\u0107, po kt\u00f3rej poruszaj\u0105 si\u0119 zwierz\u0119ta.<\/p>\n\n\n\n<p>Ich obszar o powierzchni 700 hektar\u00f3w nie jest jednolity. <strong>Pastwiska przecinaj\u0105 w\u0105skie g\u00f3rskie drogi, wi\u0119c zwierz\u0119ta trzeba przep\u0119dza\u0107 przez nie.<\/strong> Praca dw\u00f3ch os\u00f3b zajmuj\u0105cych si\u0119 przep\u0119dzaniem byd\u0142a polega g\u0142\u00f3wnie na nadzorowaniu \u2013 byd\u0142o doskonale wie, gdzie znajduje si\u0119 \u015bwie\u017ca trawa.<\/p>\n\n\n\n<p>Kiedy pojawi\u0142 si\u0119 rowerzysta, byd\u0142o grzecznie zatrzyma\u0142o si\u0119 przed drog\u0105, poniewa\u017c do tej pory zajmowa\u0142o swoje poprzednie terytorium. Na filmie s\u0142ycha\u0107, jak m\u0119\u017cczy\u017ani m\u00f3wi\u0105 im, \u017ce nie zatrzymamy si\u0119. Pos\u0142ucha\u0142y ich, wi\u0119c akcja zako\u0144czy\u0142a si\u0119 sukcesem.<\/p>\n\n\n\n<p>Kiedy za oko\u0142o 5 dni sko\u0144czy si\u0119 \u015bwie\u017ca, smaczna trawa i wszystkie zio\u0142a, kt\u00f3re tam s\u0105, wtedy zn\u00f3w przyjd\u0105 je przep\u0119dzi\u0107.<\/p>\n\n\n\n<figure class=\"wp-block-embed is-type-video is-provider-youtube wp-block-embed-youtube wp-embed-aspect-16-9 wp-has-aspect-ratio\"><div class=\"wp-block-embed__wrapper\">\n<iframe title=\"Wypas okresowy u podn\u00f3\u017ca Karkonoszy \u2013 wizyta w gospodarstwie Zemex \u2013 przep\u0119dzenie byd\u0142a\" width=\"960\" height=\"540\" src=\"https:\/\/www.youtube.com\/embed\/mj7N9rvy-e0?feature=oembed\" frameborder=\"0\" allow=\"accelerometer; autoplay; clipboard-write; encrypted-media; gyroscope; picture-in-picture; web-share\" referrerpolicy=\"strict-origin-when-cross-origin\" allowfullscreen><\/iframe>\n<\/div><\/figure>\n\n\n\n<p>Kiedy wr\u00f3ci\u0142em, aby obejrze\u0107 poprzedni\u0105 dzia\u0142k\u0119, wida\u0107 by\u0142o, \u017ce zielona trawa rzeczywi\u015bcie znikn\u0119\u0142a \u2013 <strong>byd\u0142o zjad\u0142o wszystko, ale nie wypas\u0142o, wi\u0119c ro\u015blinno\u015b\u0107 szybko odros\u0142a<\/strong>. Podczas wypasu obornik jest r\u00f3wnomiernie rozrzucany, co w naturalny spos\u00f3b nawozi gleb\u0119, przywracaj\u0105c jej sk\u0142adniki od\u017cywcze.<\/p>\n\n\n\n<figure class=\"wp-block-image size-large\"><img decoding=\"async\" width=\"1024\" height=\"576\" src=\"https:\/\/tmg.hu\/wp-content\/uploads\/2025\/09\/lelegelt-terulet-1024x576.png\" alt=\"\" class=\"wp-image-10433\" srcset=\"https:\/\/tmg.hu\/wp-content\/uploads\/2025\/09\/lelegelt-terulet-1024x576.png 1024w, https:\/\/tmg.hu\/wp-content\/uploads\/2025\/09\/lelegelt-terulet-300x169.png 300w, https:\/\/tmg.hu\/wp-content\/uploads\/2025\/09\/lelegelt-terulet-768x432.png 768w, https:\/\/tmg.hu\/wp-content\/uploads\/2025\/09\/lelegelt-terulet-1536x864.png 1536w, https:\/\/tmg.hu\/wp-content\/uploads\/2025\/09\/lelegelt-terulet-18x10.png 18w, https:\/\/tmg.hu\/wp-content\/uploads\/2025\/09\/lelegelt-terulet-600x338.png 600w, https:\/\/tmg.hu\/wp-content\/uploads\/2025\/09\/lelegelt-terulet.png 1920w\" sizes=\"(max-width: 1024px) 100vw, 1024px\" \/><\/figure>\n\n\n\n<p>Jana pokaza\u0142a dwie <strong>stajni\u0119<\/strong> tak\u017ce, kt\u00f3re <strong>u\u017cywane tylko w okresie zimowym<\/strong>. W jednym z nich le\u017ca\u0142a ranna, urocza krowa. Nast\u0119pnie udali\u015bmy si\u0119 do zak\u0142adu przetw\u00f3rstwa mi\u0119snego, gdzie znajduje si\u0119 rze\u017ania, ch\u0142odnia i suszarnia. Suszenie odbywa si\u0119 za pomoc\u0105 gor\u0105cego powietrza, a wszystkie procesy s\u0105 nadzorowane przez Jan\u0119, jej syna i szwagierk\u0119.<\/p>\n\n\n\n<figure class=\"wp-block-gallery has-nested-images columns-default is-cropped wp-block-gallery-1 is-layout-flex wp-block-gallery-is-layout-flex\">\n<figure class=\"wp-block-image size-large\"><img decoding=\"async\" width=\"1024\" height=\"576\" data-id=\"10435\" src=\"https:\/\/tmg.hu\/wp-content\/uploads\/2025\/09\/marha-istallo-1024x576.png\" alt=\"\" class=\"wp-image-10435\" srcset=\"https:\/\/tmg.hu\/wp-content\/uploads\/2025\/09\/marha-istallo-1024x576.png 1024w, https:\/\/tmg.hu\/wp-content\/uploads\/2025\/09\/marha-istallo-300x169.png 300w, https:\/\/tmg.hu\/wp-content\/uploads\/2025\/09\/marha-istallo-768x432.png 768w, https:\/\/tmg.hu\/wp-content\/uploads\/2025\/09\/marha-istallo-1536x864.png 1536w, https:\/\/tmg.hu\/wp-content\/uploads\/2025\/09\/marha-istallo-18x10.png 18w, https:\/\/tmg.hu\/wp-content\/uploads\/2025\/09\/marha-istallo-600x338.png 600w, https:\/\/tmg.hu\/wp-content\/uploads\/2025\/09\/marha-istallo.png 1920w\" sizes=\"(max-width: 1024px) 100vw, 1024px\" \/><\/figure>\n\n\n\n<figure class=\"wp-block-image size-large\"><img loading=\"lazy\" decoding=\"async\" width=\"1024\" height=\"576\" data-id=\"10434\" src=\"https:\/\/tmg.hu\/wp-content\/uploads\/2025\/09\/istallo-1024x576.png\" alt=\"\" class=\"wp-image-10434\" srcset=\"https:\/\/tmg.hu\/wp-content\/uploads\/2025\/09\/istallo-1024x576.png 1024w, https:\/\/tmg.hu\/wp-content\/uploads\/2025\/09\/istallo-300x169.png 300w, https:\/\/tmg.hu\/wp-content\/uploads\/2025\/09\/istallo-768x432.png 768w, https:\/\/tmg.hu\/wp-content\/uploads\/2025\/09\/istallo-1536x864.png 1536w, https:\/\/tmg.hu\/wp-content\/uploads\/2025\/09\/istallo-18x10.png 18w, https:\/\/tmg.hu\/wp-content\/uploads\/2025\/09\/istallo-600x338.png 600w, https:\/\/tmg.hu\/wp-content\/uploads\/2025\/09\/istallo.png 1920w\" sizes=\"(max-width: 1024px) 100vw, 1024px\" \/><\/figure>\n<\/figure>\n\n\n\n<h2 class=\"wp-block-heading\">Mi\u0119so z automatu?<\/h2>\n\n\n\n<p>Produkty sprzedawane s\u0105 g\u0142\u00f3wnie za po\u015brednictwem strony internetowej, ale firma posiada r\u00f3wnie\u017c dwa automaty, w kt\u00f3rych mo\u017cna kupi\u0107 suszone mi\u0119so, sosy i gotowe dania. Wypr\u00f3bowa\u0142em jeden z nich w Libercu \u2013 kupi\u0142em 50 g suszonego mi\u0119sa wo\u0142owego z miodem i musztard\u0105, kt\u00f3re kosztowa\u0142o 120 koron (oko\u0142o 2000 Ft).<\/p>\n\n\n\n<p>Chocia\u017c od 15 lat nie jem mi\u0119sa, spr\u00f3bowa\u0142em \u2013 i musz\u0119 przyzna\u0107, \u017ce, <strong>by\u0142o bardzo smaczne<\/strong>. Warunki produkcji ca\u0142kowicie odpowiadaj\u0105 temu, co uwa\u017cam za wa\u017cne: zwierz\u0119ta \u017cyj\u0105ce w spokoju, blisko natury, w troskliwej, etycznej hodowli.<\/p>\n\n\n\n<figure class=\"wp-block-image size-large\"><img loading=\"lazy\" decoding=\"async\" width=\"1024\" height=\"452\" src=\"https:\/\/tmg.hu\/wp-content\/uploads\/2025\/09\/hus-automata-1024x452.png\" alt=\"\" class=\"wp-image-10436\" srcset=\"https:\/\/tmg.hu\/wp-content\/uploads\/2025\/09\/hus-automata-1024x452.png 1024w, https:\/\/tmg.hu\/wp-content\/uploads\/2025\/09\/hus-automata-300x132.png 300w, https:\/\/tmg.hu\/wp-content\/uploads\/2025\/09\/hus-automata-768x339.png 768w, https:\/\/tmg.hu\/wp-content\/uploads\/2025\/09\/hus-automata-1536x678.png 1536w, https:\/\/tmg.hu\/wp-content\/uploads\/2025\/09\/hus-automata-18x8.png 18w, https:\/\/tmg.hu\/wp-content\/uploads\/2025\/09\/hus-automata-600x265.png 600w, https:\/\/tmg.hu\/wp-content\/uploads\/2025\/09\/hus-automata.png 1920w\" sizes=\"(max-width: 1024px) 100vw, 1024px\" \/><\/figure>\n\n\n\n<h2 class=\"wp-block-heading\">Na pi\u0119knych g\u00f3rskich pastwiskach<\/h2>\n\n\n\n<p>Byd\u0142o widoczne na zdj\u0119ciach <strong>przez ca\u0142e lato pas\u0105 si\u0119 w pi\u0119knym miejscu, a\u017c do sezonu zimowego<\/strong>. Ka\u017cde zwierz\u0119 ma swoje imi\u0119, s\u0105 one pod dobr\u0105 opiek\u0105, co wida\u0107 na pierwszy rzut oka. Wida\u0107, \u017ce gospodyni bardzo kocha zwierz\u0119ta i to, co robi.<\/p>\n\n\n\n<p>Na koniec wizyty otrzyma\u0142em nawet prezent \u2013 suszone mi\u0119so \u2013 kt\u00f3re p\u00f3\u017aniej spr\u00f3bowali\u015bmy nad jeziorem Balaton wraz z pracownikami TMG. Wszystkim smakowa\u0142o i wszyscy zgodzili\u015bmy si\u0119, \u017ce zwierz\u0119ta w tym gospodarstwie s\u0105 naprawd\u0119 traktowane najlepiej, jak to tylko mo\u017cliwe. Pi\u0119kne g\u00f3rskie pastwiska, wypas okresowy i mi\u0142o\u015b\u0107 rolnik\u00f3w s\u0105 widoczne w ich pracy.<\/p>\n\n\n\n<figure class=\"wp-block-gallery has-nested-images columns-default is-cropped wp-block-gallery-2 is-layout-flex wp-block-gallery-is-layout-flex\">\n<figure class=\"wp-block-image size-large\"><img loading=\"lazy\" decoding=\"async\" width=\"1024\" height=\"576\" data-id=\"10438\" src=\"https:\/\/tmg.hu\/wp-content\/uploads\/2025\/09\/legelo-1024x576.png\" alt=\"\" class=\"wp-image-10438\" srcset=\"https:\/\/tmg.hu\/wp-content\/uploads\/2025\/09\/legelo-1024x576.png 1024w, https:\/\/tmg.hu\/wp-content\/uploads\/2025\/09\/legelo-300x169.png 300w, https:\/\/tmg.hu\/wp-content\/uploads\/2025\/09\/legelo-768x432.png 768w, https:\/\/tmg.hu\/wp-content\/uploads\/2025\/09\/legelo-1536x864.png 1536w, https:\/\/tmg.hu\/wp-content\/uploads\/2025\/09\/legelo-18x10.png 18w, https:\/\/tmg.hu\/wp-content\/uploads\/2025\/09\/legelo-600x338.png 600w, https:\/\/tmg.hu\/wp-content\/uploads\/2025\/09\/legelo.png 1920w\" sizes=\"(max-width: 1024px) 100vw, 1024px\" \/><\/figure>\n\n\n\n<figure class=\"wp-block-image size-large\"><img loading=\"lazy\" decoding=\"async\" width=\"1024\" height=\"576\" data-id=\"10437\" src=\"https:\/\/tmg.hu\/wp-content\/uploads\/2025\/09\/hegyi-legelo-1024x576.png\" alt=\"\" class=\"wp-image-10437\" srcset=\"https:\/\/tmg.hu\/wp-content\/uploads\/2025\/09\/hegyi-legelo-1024x576.png 1024w, https:\/\/tmg.hu\/wp-content\/uploads\/2025\/09\/hegyi-legelo-300x169.png 300w, https:\/\/tmg.hu\/wp-content\/uploads\/2025\/09\/hegyi-legelo-768x432.png 768w, https:\/\/tmg.hu\/wp-content\/uploads\/2025\/09\/hegyi-legelo-1536x864.png 1536w, https:\/\/tmg.hu\/wp-content\/uploads\/2025\/09\/hegyi-legelo-18x10.png 18w, https:\/\/tmg.hu\/wp-content\/uploads\/2025\/09\/hegyi-legelo-600x338.png 600w, https:\/\/tmg.hu\/wp-content\/uploads\/2025\/09\/hegyi-legelo.png 1920w\" sizes=\"(max-width: 1024px) 100vw, 1024px\" \/><\/figure>\n<\/figure>\n\n\n\n<h2 class=\"wp-block-heading\">Ziemia, ro\u015blinno\u015b\u0107, zwierz\u0119ta i gospodarze r\u00f3wnie\u017c zyskuj\u0105<\/h2>\n\n\n\n<p>A <a href=\"https:\/\/tmg.hu\/pl\/a-no-tiller-in-somogyban-takaronovenyes-no-till-technology-with-intermittent-grazing\/\">wypas okresowy<\/a> taki <strong>zr\u00f3wnowa\u017cone gospodarowanie<\/strong>, kt\u00f3ry sprzyja regeneracji gleby i zmniejsza obci\u0105\u017cenie \u015brodowiska.<\/p>\n\n\n\n<ul class=\"wp-block-list\">\n<li><strong>Poprawia struktur\u0119 gleby<\/strong> \u2013 Korzenie s\u0105 silniejsze, wi\u0119cej substancji organicznych (nawozu) wraca do gleby, a proces tworzenia pr\u00f3chnicy ulega przyspieszeniu.<\/li>\n\n\n\n<li><strong>Zatrzymywanie wody<\/strong> \u2013 Dzi\u0119ki g\u0142\u0119bokiemu systemowi korzeniowemu i poprawie jako\u015bci gleby obszar ten jest bardziej odporny na susz\u0119.<\/li>\n\n\n\n<li><strong>R\u00f3\u017cnorodno\u015b\u0107 biologiczna<\/strong> \u2013 Na odpoczywaj\u0105cych odcinkach pojawiaj\u0105 si\u0119 kwiaty, motyle, pszczo\u0142y, a liczba gatunk\u00f3w ro\u015blin wzrasta.<\/li>\n\n\n\n<li><strong>Zdrowie zwierz\u0105t<\/strong> \u2013 Ci\u0105gle \u015bwie\u017ca, bogata w sk\u0142adniki od\u017cywcze pasza zmniejsza ryzyko chor\u00f3b i poprawia kondycj\u0119 zwierz\u0105t.<\/li>\n<\/ul>\n\n\n\n<h2 class=\"wp-block-heading\">Wypas okresowy: nie tylko na du\u017cych gospodarstwach<\/h2>\n\n\n\n<p>Chocia\u017c Zemex gospodaruje na obszarze kilku hektar\u00f3w, wypas jest prowadzony etapami. <strong>mo\u017cliwe do wprowadzenia r\u00f3wnie\u017c w mniejszych gospodarstwach<\/strong>. Zasada jest taka sama: kr\u00f3tkie wypasanie, a nast\u0119pnie d\u0142u\u017cszy okres regeneracji terenu.<\/p>\n\n\n\n<p>Najwa\u017cniejsze jest jednak to, \u017ce <strong>obserwacja i elastyczno\u015b\u0107<\/strong> \u2013 nie ma dw\u00f3ch identycznych lat, a metod\u0119 nale\u017cy zawsze dostosowa\u0107 do stanu ro\u015blinno\u015bci.<\/p>\n\n\n\n<p>Wypas okresowy to nie tylko technologia, ale tak\u017ce zmiana podej\u015bcia. Gospodarstwo Zemex u podn\u00f3\u017ca Karkonoszy jest \u017cywym przyk\u0142adem tego, \u017ce <strong>praktyki odnawiania gleby i dochodowa hodowla zwierz\u0105t mog\u0105 i\u015b\u0107 w parze<\/strong>.<\/p>","protected":false},"excerpt":{"rendered":"<p>A szakaszos legeltet\u00e9s ma egyre t\u00f6bb gazda sz\u00e1m\u00e1ra jelenti a j\u00f6v\u0151t: egyszerre v\u00e9di a talajt, n\u00f6veli a legel\u0151k hozam\u00e1t, \u00e9s jav\u00edtja az \u00e1llatok eg\u00e9szs\u00e9g\u00e9t. De hogyan m\u0171k\u00f6dik ez a m\u00f3dszer a mindennapokban? Zsuzsi, a Talajmeg\u00faj\u00edt\u00f3 Gazd\u00e1k Egyes\u00fclet\u00e9nek seg\u00edt\u0151je a Krkono\u0161e-hegys\u00e9g l\u00e1b\u00e1n\u00e1l fekv\u0151 Zemex gazdas\u00e1gban j\u00e1rt, \u00e9s testk\u00f6zelb\u0151l l\u00e1tta, milyen v\u00e1ltoz\u00e1st hoz egy j\u00f3l szervezett legeltet\u00e9si [&hellip;]<\/p>","protected":false},"author":141,"featured_media":10430,"comment_status":"closed","ping_status":"closed","sticky":false,"template":"","format":"standard","meta":{"footnotes":""},"categories":[49,40,48],"tags":[],"class_list":["post-10429","post","type-post","status-publish","format-standard","has-post-thumbnail","hentry","category-allat","category-noveny","category-talaj"],"yoast_head":"<!-- This site is optimized with the Yoast SEO plugin v26.6 - https:\/\/yoast.com\/wordpress\/plugins\/seo\/ -->\n<title>Szakaszos legeltet\u00e9s a Krkono\u0161e l\u00e1b\u00e1n\u00e1l \u2013 l\u00e1togat\u00e1s a Zemex farmon - Talajmeg\u00faj\u00edt\u00f3 Gazd\u00e1k Egyes\u00fclete<\/title>\n<meta name=\"description\" content=\"L\u00e1togat\u00e1s a cseh Zemex gazdas\u00e1gban, ahol szakaszos legeltet\u00e9ssel, organikus h\u00fasmarhatart\u00e1ssal \u00e9s etikus szeml\u00e9lettel gondozz\u00e1k a marh\u00e1kat.\" \/>\n<meta name=\"robots\" content=\"index, follow, max-snippet:-1, max-image-preview:large, max-video-preview:-1\" \/>\n<link rel=\"canonical\" href=\"https:\/\/tmg.hu\/pl\/okresowe-wypasanie-w-karkonoszach-wizyta-w-gospodarstwie-zemex\/\" \/>\n<meta property=\"og:locale\" content=\"pl_PL\" \/>\n<meta property=\"og:type\" content=\"article\" \/>\n<meta property=\"og:title\" content=\"Szakaszos legeltet\u00e9s a Krkono\u0161e l\u00e1b\u00e1n\u00e1l \u2013 l\u00e1togat\u00e1s a Zemex farmon - Talajmeg\u00faj\u00edt\u00f3 Gazd\u00e1k Egyes\u00fclete\" \/>\n<meta property=\"og:description\" content=\"L\u00e1togat\u00e1s a cseh Zemex gazdas\u00e1gban, ahol szakaszos legeltet\u00e9ssel, organikus h\u00fasmarhatart\u00e1ssal \u00e9s etikus szeml\u00e9lettel gondozz\u00e1k a marh\u00e1kat.\" \/>\n<meta property=\"og:url\" content=\"https:\/\/tmg.hu\/pl\/okresowe-wypasanie-w-karkonoszach-wizyta-w-gospodarstwie-zemex\/\" \/>\n<meta property=\"og:site_name\" content=\"Talajmeg\u00faj\u00edt\u00f3 Gazd\u00e1k Egyes\u00fclete\" \/>\n<meta property=\"article:publisher\" content=\"https:\/\/www.facebook.com\/tmg.egyesulet\/\" \/>\n<meta property=\"article:published_time\" content=\"2025-09-10T12:31:33+00:00\" \/>\n<meta property=\"article:modified_time\" content=\"2025-09-10T12:31:35+00:00\" \/>\n<meta property=\"og:image\" content=\"https:\/\/tmg.hu\/wp-content\/uploads\/2025\/09\/szakaszos-legeltetes-fokep.png\" \/>\n\t<meta property=\"og:image:width\" content=\"1920\" \/>\n\t<meta property=\"og:image:height\" content=\"1080\" \/>\n\t<meta property=\"og:image:type\" content=\"image\/png\" \/>\n<meta name=\"author\" content=\"Csizm\u00e1n Zolt\u00e1n\" \/>\n<meta name=\"twitter:card\" content=\"summary_large_image\" \/>\n<meta name=\"twitter:label1\" content=\"Napisane przez\" \/>\n\t<meta name=\"twitter:data1\" content=\"Csizm\u00e1n Zolt\u00e1n\" \/>\n\t<meta name=\"twitter:label2\" content=\"Szacowany czas czytania\" \/>\n\t<meta name=\"twitter:data2\" content=\"7 minut\" \/>\n<script type=\"application\/ld+json\" class=\"yoast-schema-graph\">{\"@context\":\"https:\/\/schema.org\",\"@graph\":[{\"@type\":\"Article\",\"@id\":\"https:\/\/tmg.hu\/szakaszos-legeltetes-a-krkonose-labanal-latogatas-a-zemex-farmon\/#article\",\"isPartOf\":{\"@id\":\"https:\/\/tmg.hu\/szakaszos-legeltetes-a-krkonose-labanal-latogatas-a-zemex-farmon\/\"},\"author\":{\"name\":\"Csizm\u00e1n Zolt\u00e1n\",\"@id\":\"https:\/\/tmg.hu\/#\/schema\/person\/3848fe83e5041cff6a4b3dc1a7725505\"},\"headline\":\"Szakaszos legeltet\u00e9s a Krkono\u0161e l\u00e1b\u00e1n\u00e1l \u2013 l\u00e1togat\u00e1s a Zemex farmon\",\"datePublished\":\"2025-09-10T12:31:33+00:00\",\"dateModified\":\"2025-09-10T12:31:35+00:00\",\"mainEntityOfPage\":{\"@id\":\"https:\/\/tmg.hu\/szakaszos-legeltetes-a-krkonose-labanal-latogatas-a-zemex-farmon\/\"},\"wordCount\":1408,\"publisher\":{\"@id\":\"https:\/\/tmg.hu\/#organization\"},\"image\":{\"@id\":\"https:\/\/tmg.hu\/szakaszos-legeltetes-a-krkonose-labanal-latogatas-a-zemex-farmon\/#primaryimage\"},\"thumbnailUrl\":\"https:\/\/tmg.hu\/wp-content\/uploads\/2025\/09\/szakaszos-legeltetes-fokep.png\",\"articleSection\":[\"\u00c1llat\",\"N\u00f6v\u00e9ny\",\"Talaj\"],\"inLanguage\":\"pl-PL\"},{\"@type\":\"WebPage\",\"@id\":\"https:\/\/tmg.hu\/szakaszos-legeltetes-a-krkonose-labanal-latogatas-a-zemex-farmon\/\",\"url\":\"https:\/\/tmg.hu\/szakaszos-legeltetes-a-krkonose-labanal-latogatas-a-zemex-farmon\/\",\"name\":\"Szakaszos legeltet\u00e9s a Krkono\u0161e l\u00e1b\u00e1n\u00e1l \u2013 l\u00e1togat\u00e1s a Zemex farmon - Talajmeg\u00faj\u00edt\u00f3 Gazd\u00e1k Egyes\u00fclete\",\"isPartOf\":{\"@id\":\"https:\/\/tmg.hu\/#website\"},\"primaryImageOfPage\":{\"@id\":\"https:\/\/tmg.hu\/szakaszos-legeltetes-a-krkonose-labanal-latogatas-a-zemex-farmon\/#primaryimage\"},\"image\":{\"@id\":\"https:\/\/tmg.hu\/szakaszos-legeltetes-a-krkonose-labanal-latogatas-a-zemex-farmon\/#primaryimage\"},\"thumbnailUrl\":\"https:\/\/tmg.hu\/wp-content\/uploads\/2025\/09\/szakaszos-legeltetes-fokep.png\",\"datePublished\":\"2025-09-10T12:31:33+00:00\",\"dateModified\":\"2025-09-10T12:31:35+00:00\",\"description\":\"L\u00e1togat\u00e1s a cseh Zemex gazdas\u00e1gban, ahol szakaszos legeltet\u00e9ssel, organikus h\u00fasmarhatart\u00e1ssal \u00e9s etikus szeml\u00e9lettel gondozz\u00e1k a marh\u00e1kat.\",\"breadcrumb\":{\"@id\":\"https:\/\/tmg.hu\/szakaszos-legeltetes-a-krkonose-labanal-latogatas-a-zemex-farmon\/#breadcrumb\"},\"inLanguage\":\"pl-PL\",\"potentialAction\":[{\"@type\":\"ReadAction\",\"target\":[\"https:\/\/tmg.hu\/szakaszos-legeltetes-a-krkonose-labanal-latogatas-a-zemex-farmon\/\"]}]},{\"@type\":\"ImageObject\",\"inLanguage\":\"pl-PL\",\"@id\":\"https:\/\/tmg.hu\/szakaszos-legeltetes-a-krkonose-labanal-latogatas-a-zemex-farmon\/#primaryimage\",\"url\":\"https:\/\/tmg.hu\/wp-content\/uploads\/2025\/09\/szakaszos-legeltetes-fokep.png\",\"contentUrl\":\"https:\/\/tmg.hu\/wp-content\/uploads\/2025\/09\/szakaszos-legeltetes-fokep.png\",\"width\":1920,\"height\":1080},{\"@type\":\"BreadcrumbList\",\"@id\":\"https:\/\/tmg.hu\/szakaszos-legeltetes-a-krkonose-labanal-latogatas-a-zemex-farmon\/#breadcrumb\",\"itemListElement\":[{\"@type\":\"ListItem\",\"position\":1,\"name\":\"Home\",\"item\":\"https:\/\/tmg.hu\/\"},{\"@type\":\"ListItem\",\"position\":2,\"name\":\"Szakaszos legeltet\u00e9s a Krkono\u0161e l\u00e1b\u00e1n\u00e1l \u2013 l\u00e1togat\u00e1s a Zemex farmon\"}]},{\"@type\":\"WebSite\",\"@id\":\"https:\/\/tmg.hu\/#website\",\"url\":\"https:\/\/tmg.hu\/\",\"name\":\"TMG - Talajmeg\u00faj\u00edt\u00f3 Gazd\u00e1k Egyes\u00fclete\",\"description\":\"Talajmeg\u00faj\u00edt\u00f3 Gazd\u00e1k Egyes\u00fclete\",\"publisher\":{\"@id\":\"https:\/\/tmg.hu\/#organization\"},\"potentialAction\":[{\"@type\":\"SearchAction\",\"target\":{\"@type\":\"EntryPoint\",\"urlTemplate\":\"https:\/\/tmg.hu\/?s={search_term_string}\"},\"query-input\":{\"@type\":\"PropertyValueSpecification\",\"valueRequired\":true,\"valueName\":\"search_term_string\"}}],\"inLanguage\":\"pl-PL\"},{\"@type\":\"Organization\",\"@id\":\"https:\/\/tmg.hu\/#organization\",\"name\":\"Talajmeg\u00faj\u00edt\u00f3 Gazd\u00e1k Egyes\u00fclete\",\"url\":\"https:\/\/tmg.hu\/\",\"logo\":{\"@type\":\"ImageObject\",\"inLanguage\":\"pl-PL\",\"@id\":\"https:\/\/tmg.hu\/#\/schema\/logo\/image\/\",\"url\":\"https:\/\/tmg.hu\/wp-content\/uploads\/2024\/10\/tmg_og_logo.png\",\"contentUrl\":\"https:\/\/tmg.hu\/wp-content\/uploads\/2024\/10\/tmg_og_logo.png\",\"width\":1200,\"height\":630,\"caption\":\"Talajmeg\u00faj\u00edt\u00f3 Gazd\u00e1k Egyes\u00fclete\"},\"image\":{\"@id\":\"https:\/\/tmg.hu\/#\/schema\/logo\/image\/\"},\"sameAs\":[\"https:\/\/www.facebook.com\/tmg.egyesulet\/\",\"https:\/\/www.instagram.com\/tmg.hu\/\",\"https:\/\/www.youtube.com\/@tmg_egyesulet\"]},{\"@type\":\"Person\",\"@id\":\"https:\/\/tmg.hu\/#\/schema\/person\/3848fe83e5041cff6a4b3dc1a7725505\",\"name\":\"Csizm\u00e1n Zolt\u00e1n\"}]}<\/script>\n<!-- \/ Yoast SEO plugin. -->","yoast_head_json":{"title":"Wypas okresowy u podn\u00f3\u017ca Karkonoszy \u2013 wizyta w gospodarstwie Zemex - Stowarzyszenie Rolnik\u00f3w Odnawiaj\u0105cych Gleby","description":"Wizyta w czeskim gospodarstwie Zemex, gdzie byd\u0142o hodowane jest w systemie wypasu okresowego, ekologicznej hodowli byd\u0142a mi\u0119snego i zgodnie z zasadami etyki.","robots":{"index":"index","follow":"follow","max-snippet":"max-snippet:-1","max-image-preview":"max-image-preview:large","max-video-preview":"max-video-preview:-1"},"canonical":"https:\/\/tmg.hu\/pl\/okresowe-wypasanie-w-karkonoszach-wizyta-w-gospodarstwie-zemex\/","og_locale":"pl_PL","og_type":"article","og_title":"Szakaszos legeltet\u00e9s a Krkono\u0161e l\u00e1b\u00e1n\u00e1l \u2013 l\u00e1togat\u00e1s a Zemex farmon - Talajmeg\u00faj\u00edt\u00f3 Gazd\u00e1k Egyes\u00fclete","og_description":"L\u00e1togat\u00e1s a cseh Zemex gazdas\u00e1gban, ahol szakaszos legeltet\u00e9ssel, organikus h\u00fasmarhatart\u00e1ssal \u00e9s etikus szeml\u00e9lettel gondozz\u00e1k a marh\u00e1kat.","og_url":"https:\/\/tmg.hu\/pl\/okresowe-wypasanie-w-karkonoszach-wizyta-w-gospodarstwie-zemex\/","og_site_name":"Talajmeg\u00faj\u00edt\u00f3 Gazd\u00e1k Egyes\u00fclete","article_publisher":"https:\/\/www.facebook.com\/tmg.egyesulet\/","article_published_time":"2025-09-10T12:31:33+00:00","article_modified_time":"2025-09-10T12:31:35+00:00","og_image":[{"width":1920,"height":1080,"url":"https:\/\/tmg.hu\/wp-content\/uploads\/2025\/09\/szakaszos-legeltetes-fokep.png","type":"image\/png"}],"author":"Csizm\u00e1n Zolt\u00e1n","twitter_card":"summary_large_image","twitter_misc":{"Napisane przez":"Csizm\u00e1n Zolt\u00e1n","Szacowany czas czytania":"7 minut"},"schema":{"@context":"https:\/\/schema.org","@graph":[{"@type":"Article","@id":"https:\/\/tmg.hu\/szakaszos-legeltetes-a-krkonose-labanal-latogatas-a-zemex-farmon\/#article","isPartOf":{"@id":"https:\/\/tmg.hu\/szakaszos-legeltetes-a-krkonose-labanal-latogatas-a-zemex-farmon\/"},"author":{"name":"Csizm\u00e1n Zolt\u00e1n","@id":"https:\/\/tmg.hu\/#\/schema\/person\/3848fe83e5041cff6a4b3dc1a7725505"},"headline":"Szakaszos legeltet\u00e9s a Krkono\u0161e l\u00e1b\u00e1n\u00e1l \u2013 l\u00e1togat\u00e1s a Zemex farmon","datePublished":"2025-09-10T12:31:33+00:00","dateModified":"2025-09-10T12:31:35+00:00","mainEntityOfPage":{"@id":"https:\/\/tmg.hu\/szakaszos-legeltetes-a-krkonose-labanal-latogatas-a-zemex-farmon\/"},"wordCount":1408,"publisher":{"@id":"https:\/\/tmg.hu\/#organization"},"image":{"@id":"https:\/\/tmg.hu\/szakaszos-legeltetes-a-krkonose-labanal-latogatas-a-zemex-farmon\/#primaryimage"},"thumbnailUrl":"https:\/\/tmg.hu\/wp-content\/uploads\/2025\/09\/szakaszos-legeltetes-fokep.png","articleSection":["\u00c1llat","N\u00f6v\u00e9ny","Talaj"],"inLanguage":"pl-PL"},{"@type":"WebPage","@id":"https:\/\/tmg.hu\/szakaszos-legeltetes-a-krkonose-labanal-latogatas-a-zemex-farmon\/","url":"https:\/\/tmg.hu\/szakaszos-legeltetes-a-krkonose-labanal-latogatas-a-zemex-farmon\/","name":"Wypas okresowy u podn\u00f3\u017ca Karkonoszy \u2013 wizyta w gospodarstwie Zemex - Stowarzyszenie Rolnik\u00f3w Odnawiaj\u0105cych Gleby","isPartOf":{"@id":"https:\/\/tmg.hu\/#website"},"primaryImageOfPage":{"@id":"https:\/\/tmg.hu\/szakaszos-legeltetes-a-krkonose-labanal-latogatas-a-zemex-farmon\/#primaryimage"},"image":{"@id":"https:\/\/tmg.hu\/szakaszos-legeltetes-a-krkonose-labanal-latogatas-a-zemex-farmon\/#primaryimage"},"thumbnailUrl":"https:\/\/tmg.hu\/wp-content\/uploads\/2025\/09\/szakaszos-legeltetes-fokep.png","datePublished":"2025-09-10T12:31:33+00:00","dateModified":"2025-09-10T12:31:35+00:00","description":"Wizyta w czeskim gospodarstwie Zemex, gdzie byd\u0142o hodowane jest w systemie wypasu okresowego, ekologicznej hodowli byd\u0142a mi\u0119snego i zgodnie z zasadami etyki.","breadcrumb":{"@id":"https:\/\/tmg.hu\/szakaszos-legeltetes-a-krkonose-labanal-latogatas-a-zemex-farmon\/#breadcrumb"},"inLanguage":"pl-PL","potentialAction":[{"@type":"ReadAction","target":["https:\/\/tmg.hu\/szakaszos-legeltetes-a-krkonose-labanal-latogatas-a-zemex-farmon\/"]}]},{"@type":"ImageObject","inLanguage":"pl-PL","@id":"https:\/\/tmg.hu\/szakaszos-legeltetes-a-krkonose-labanal-latogatas-a-zemex-farmon\/#primaryimage","url":"https:\/\/tmg.hu\/wp-content\/uploads\/2025\/09\/szakaszos-legeltetes-fokep.png","contentUrl":"https:\/\/tmg.hu\/wp-content\/uploads\/2025\/09\/szakaszos-legeltetes-fokep.png","width":1920,"height":1080},{"@type":"BreadcrumbList","@id":"https:\/\/tmg.hu\/szakaszos-legeltetes-a-krkonose-labanal-latogatas-a-zemex-farmon\/#breadcrumb","itemListElement":[{"@type":"ListItem","position":1,"name":"Home","item":"https:\/\/tmg.hu\/"},{"@type":"ListItem","position":2,"name":"Szakaszos legeltet\u00e9s a Krkono\u0161e l\u00e1b\u00e1n\u00e1l \u2013 l\u00e1togat\u00e1s a Zemex farmon"}]},{"@type":"WebSite","@id":"https:\/\/tmg.hu\/#website","url":"https:\/\/tmg.hu\/","name":"TMG - Stowarzyszenie Rolnik\u00f3w Odnawiaj\u0105cych Gleb\u0119","description":"Stowarzyszenie Rolnik\u00f3w Odbudowy Gleby","publisher":{"@id":"https:\/\/tmg.hu\/#organization"},"potentialAction":[{"@type":"SearchAction","target":{"@type":"EntryPoint","urlTemplate":"https:\/\/tmg.hu\/?s={search_term_string}"},"query-input":{"@type":"PropertyValueSpecification","valueRequired":true,"valueName":"search_term_string"}}],"inLanguage":"pl-PL"},{"@type":"Organization","@id":"https:\/\/tmg.hu\/#organization","name":"Stowarzyszenie Rolnik\u00f3w Odbudowy Gleby","url":"https:\/\/tmg.hu\/","logo":{"@type":"ImageObject","inLanguage":"pl-PL","@id":"https:\/\/tmg.hu\/#\/schema\/logo\/image\/","url":"https:\/\/tmg.hu\/wp-content\/uploads\/2024\/10\/tmg_og_logo.png","contentUrl":"https:\/\/tmg.hu\/wp-content\/uploads\/2024\/10\/tmg_og_logo.png","width":1200,"height":630,"caption":"Talajmeg\u00faj\u00edt\u00f3 Gazd\u00e1k Egyes\u00fclete"},"image":{"@id":"https:\/\/tmg.hu\/#\/schema\/logo\/image\/"},"sameAs":["https:\/\/www.facebook.com\/tmg.egyesulet\/","https:\/\/www.instagram.com\/tmg.hu\/","https:\/\/www.youtube.com\/@tmg_egyesulet"]},{"@type":"Person","@id":"https:\/\/tmg.hu\/#\/schema\/person\/3848fe83e5041cff6a4b3dc1a7725505","name":"Zolt\u00e1n Csizm\u00e1n"}]}},"_links":{"self":[{"href":"https:\/\/tmg.hu\/pl\/wp-json\/wp\/v2\/posts\/10429","targetHints":{"allow":["GET"]}}],"collection":[{"href":"https:\/\/tmg.hu\/pl\/wp-json\/wp\/v2\/posts"}],"about":[{"href":"https:\/\/tmg.hu\/pl\/wp-json\/wp\/v2\/types\/post"}],"author":[{"embeddable":true,"href":"https:\/\/tmg.hu\/pl\/wp-json\/wp\/v2\/users\/141"}],"replies":[{"embeddable":true,"href":"https:\/\/tmg.hu\/pl\/wp-json\/wp\/v2\/comments?post=10429"}],"version-history":[{"count":7,"href":"https:\/\/tmg.hu\/pl\/wp-json\/wp\/v2\/posts\/10429\/revisions"}],"predecessor-version":[{"id":10451,"href":"https:\/\/tmg.hu\/pl\/wp-json\/wp\/v2\/posts\/10429\/revisions\/10451"}],"wp:featuredmedia":[{"embeddable":true,"href":"https:\/\/tmg.hu\/pl\/wp-json\/wp\/v2\/media\/10430"}],"wp:attachment":[{"href":"https:\/\/tmg.hu\/pl\/wp-json\/wp\/v2\/media?parent=10429"}],"wp:term":[{"taxonomy":"category","embeddable":true,"href":"https:\/\/tmg.hu\/pl\/wp-json\/wp\/v2\/categories?post=10429"},{"taxonomy":"post_tag","embeddable":true,"href":"https:\/\/tmg.hu\/pl\/wp-json\/wp\/v2\/tags?post=10429"}],"curies":[{"name":"wp","href":"https:\/\/api.w.org\/{rel}","templated":true}]}}