{"id":10429,"date":"2025-09-10T14:31:33","date_gmt":"2025-09-10T12:31:33","guid":{"rendered":"https:\/\/tmg.hu\/?p=10429"},"modified":"2025-09-10T14:31:35","modified_gmt":"2025-09-10T12:31:35","slug":"intermittent-grazing-in-the-krkonose-mountains-visit-to-the-zemex-farm","status":"publish","type":"post","link":"https:\/\/tmg.hu\/en\/intermittent-grazing-in-the-krkonose-mountains-visit-to-the-zemex-farm\/","title":{"rendered":"Stag grazing at the foot of Krkono\u0161e - visit to Zemex farm"},"content":{"rendered":"<p>Rotational grazing is now the future for more and more farmers: it protects the soil, increases pasture yields, and improves animal health.<\/p>\n\n\n\n<p>But how does this method work in everyday life? Zsuzsi, an assistant at the Soil Renewal Farmers' Association, visited the Zemex farm at the foot of the Krkono\u0161e Mountains and saw firsthand the changes that a well-organized grazing system can bring.<\/p>\n\n\n\n<h2 class=\"wp-block-heading\">Lots of cattle grazing in stages<\/h2>\n\n\n\n<p>When I visited the foothills of the Krkono\u0161e Mountains in June 2025, my first task was to find out who owned all the cattle I could see practically everywhere. I didn't have to search long\u2014the answer came right away, along the road: <strong>Zemex \u2013 organic beef<\/strong>. The company's website <a href=\"https:\/\/zemex.cz\/cs\" target=\"_blank\" rel=\"noreferrer noopener\">Organic beef from Krkono\u0161e<\/a> There is a wealth of information about the company and its products here. They are also active on Facebook: you can find them under the name ZEMEX.<\/p>\n\n\n\n<p><strong>The economy in northern Czech Republic<\/strong>, in the Liberec region, <strong>located at the foot of the Giant Mountains (Krkono\u0161e), at an altitude of 600-800 meters<\/strong>. Animal husbandry already existed in the village in the 20th century, and Zemex was founded in 1991 after nationalization, merging several former state farms on approximately 700 hectares. This area then went to Jana B\u00e9mov\u00e1's father, who initially engaged in dairy farming.<\/p>\n\n\n\n<p>A <strong>transition \u2013 towards an organic approach and meat production<\/strong> \u2013 is now associated with Jana, who took over the farm in the 2000s. Since 2014, they have specialized in beef cattle breeding, mainly Aberdeen Angus and Simmental breeds. It is important to note that calves are not separated from their mothers at an early age \u2013 they stay together until they are naturally weaned.<\/p>\n\n\n\n<figure class=\"wp-block-image size-large\"><img fetchpriority=\"high\" decoding=\"async\" width=\"768\" height=\"1024\" src=\"https:\/\/tmg.hu\/wp-content\/uploads\/2025\/09\/zold-tabla-hely-mezogazdasagi-tortenetevel-768x1024.jpg\" alt=\"\" class=\"wp-image-10432\" srcset=\"https:\/\/tmg.hu\/wp-content\/uploads\/2025\/09\/zold-tabla-hely-mezogazdasagi-tortenetevel-768x1024.jpg 768w, https:\/\/tmg.hu\/wp-content\/uploads\/2025\/09\/zold-tabla-hely-mezogazdasagi-tortenetevel-225x300.jpg 225w, https:\/\/tmg.hu\/wp-content\/uploads\/2025\/09\/zold-tabla-hely-mezogazdasagi-tortenetevel-1152x1536.jpg 1152w, https:\/\/tmg.hu\/wp-content\/uploads\/2025\/09\/zold-tabla-hely-mezogazdasagi-tortenetevel-1536x2048.jpg 1536w, https:\/\/tmg.hu\/wp-content\/uploads\/2025\/09\/zold-tabla-hely-mezogazdasagi-tortenetevel-9x12.jpg 9w, https:\/\/tmg.hu\/wp-content\/uploads\/2025\/09\/zold-tabla-hely-mezogazdasagi-tortenetevel-300x400.jpg 300w, https:\/\/tmg.hu\/wp-content\/uploads\/2025\/09\/zold-tabla-hely-mezogazdasagi-tortenetevel-600x800.jpg 600w, https:\/\/tmg.hu\/wp-content\/uploads\/2025\/09\/zold-tabla-hely-mezogazdasagi-tortenetevel-scaled.jpg 1920w\" sizes=\"(max-width: 768px) 100vw, 768px\" \/><\/figure>\n\n\n\n<h2 class=\"wp-block-heading\">A farm where even the grass can rest<\/h2>\n\n\n\n<p>What is particularly noteworthy is their grazing method. During the spring, summer, and fall seasons, the cattle are in the mountains, divided into groups of 40 to 55. They do not stay on one large pasture all summer, but instead the owners <strong>they use rotational grazing<\/strong>. This means that the area is divided into smaller plots \u2013 several sections \u2013 and <strong>the team is reassigned to a new section approximately every 5 days<\/strong>. They move on to another section, so they always find fresh grass and herbs. The grazed area can then rest and regenerate.<\/p>\n\n\n\n<p>The great advantage of this method is that it strengthens the roots of the vegetation, enriches the soil life, and better retains moisture\u2014which is invaluable in the mountains, but especially during periods of drought.<\/p>\n\n\n\n<figure class=\"wp-block-embed is-type-video is-provider-youtube wp-block-embed-youtube wp-embed-aspect-16-9 wp-has-aspect-ratio\"><div class=\"wp-block-embed__wrapper\">\n<iframe title=\"Intermittent grazing at the foot of the Krkono\u0161e Mountains \u2013 visit to the Zemex farm \u2013 grazing cows\" width=\"960\" height=\"540\" src=\"https:\/\/www.youtube.com\/embed\/kBhstyViWSk?feature=oembed\" frameborder=\"0\" allow=\"accelerometer; autoplay; clipboard-write; encrypted-media; gyroscope; picture-in-picture; web-share\" referrerpolicy=\"strict-origin-when-cross-origin\" allowfullscreen><\/iframe>\n<\/div><\/figure>\n\n\n\n<h2 class=\"wp-block-heading\">How does a pasture change take place?<\/h2>\n\n\n\n<p>After contacting the farm, I was surprised to receive an immediate and friendly response. The owner offered to show me a pasture change on a June morning.<\/p>\n\n\n\n<p>Jana came to pick me up personally and took me to the site. There were already three or four workers there, including her son, who were separating the area where the animals were moving.<\/p>\n\n\n\n<p>Their 700-hectare area is not contiguous. <strong>The pastures are crisscrossed by narrow mountain roads, so the animals have to be led across them.<\/strong> The work of the two herders mainly consists of supervision\u2014the cattle know quite well where to find fresh grass.<\/p>\n\n\n\n<p>When a cyclist approached, the cattle politely stopped in front of the road, as that was where their previous territory ended. In the video, you can hear the men telling them not to stop. They obeyed nicely, so the operation was a success.<\/p>\n\n\n\n<p>When the fresh, tasty grass and all the herbs there are gone in about five days, they will come back to herd them again.<\/p>\n\n\n\n<figure class=\"wp-block-embed is-type-video is-provider-youtube wp-block-embed-youtube wp-embed-aspect-16-9 wp-has-aspect-ratio\"><div class=\"wp-block-embed__wrapper\">\n<iframe title=\"Intermittent grazing at the foot of the Krkono\u0161e Mountains \u2013 visit to the Zemex farm \u2013 herding\" width=\"960\" height=\"540\" src=\"https:\/\/www.youtube.com\/embed\/mj7N9rvy-e0?feature=oembed\" frameborder=\"0\" allow=\"accelerometer; autoplay; clipboard-write; encrypted-media; gyroscope; picture-in-picture; web-share\" referrerpolicy=\"strict-origin-when-cross-origin\" allowfullscreen><\/iframe>\n<\/div><\/figure>\n\n\n\n<p>When I went back to look at the previous plot, it was clear that the green grass had indeed disappeared \u2013 <strong>The cattle grazed everything, but not to the ground, so the vegetation can quickly grow back.<\/strong>. During grazing, manure is also spread evenly, which naturally fertilizes the soil, returning nutrients to it.<\/p>\n\n\n\n<figure class=\"wp-block-image size-large\"><img decoding=\"async\" width=\"1024\" height=\"576\" src=\"https:\/\/tmg.hu\/wp-content\/uploads\/2025\/09\/lelegelt-terulet-1024x576.png\" alt=\"\" class=\"wp-image-10433\" srcset=\"https:\/\/tmg.hu\/wp-content\/uploads\/2025\/09\/lelegelt-terulet-1024x576.png 1024w, https:\/\/tmg.hu\/wp-content\/uploads\/2025\/09\/lelegelt-terulet-300x169.png 300w, https:\/\/tmg.hu\/wp-content\/uploads\/2025\/09\/lelegelt-terulet-768x432.png 768w, https:\/\/tmg.hu\/wp-content\/uploads\/2025\/09\/lelegelt-terulet-1536x864.png 1536w, https:\/\/tmg.hu\/wp-content\/uploads\/2025\/09\/lelegelt-terulet-18x10.png 18w, https:\/\/tmg.hu\/wp-content\/uploads\/2025\/09\/lelegelt-terulet-600x338.png 600w, https:\/\/tmg.hu\/wp-content\/uploads\/2025\/09\/lelegelt-terulet.png 1920w\" sizes=\"(max-width: 1024px) 100vw, 1024px\" \/><\/figure>\n\n\n\n<p>Jana showed the two <strong>stable<\/strong> also, which <strong>only used during the winter season<\/strong>. In one of them, an injured, cute cow was recovering. Then we went to the meat processing plant, where the slaughterhouse, cold storage, and dryer are located. Drying is done with warm air, and all processes are supervised by Jana, her son, and her sister-in-law.<\/p>\n\n\n\n<figure class=\"wp-block-gallery has-nested-images columns-default is-cropped wp-block-gallery-1 is-layout-flex wp-block-gallery-is-layout-flex\">\n<figure class=\"wp-block-image size-large\"><img decoding=\"async\" width=\"1024\" height=\"576\" data-id=\"10435\" src=\"https:\/\/tmg.hu\/wp-content\/uploads\/2025\/09\/marha-istallo-1024x576.png\" alt=\"\" class=\"wp-image-10435\" srcset=\"https:\/\/tmg.hu\/wp-content\/uploads\/2025\/09\/marha-istallo-1024x576.png 1024w, https:\/\/tmg.hu\/wp-content\/uploads\/2025\/09\/marha-istallo-300x169.png 300w, https:\/\/tmg.hu\/wp-content\/uploads\/2025\/09\/marha-istallo-768x432.png 768w, https:\/\/tmg.hu\/wp-content\/uploads\/2025\/09\/marha-istallo-1536x864.png 1536w, https:\/\/tmg.hu\/wp-content\/uploads\/2025\/09\/marha-istallo-18x10.png 18w, https:\/\/tmg.hu\/wp-content\/uploads\/2025\/09\/marha-istallo-600x338.png 600w, https:\/\/tmg.hu\/wp-content\/uploads\/2025\/09\/marha-istallo.png 1920w\" sizes=\"(max-width: 1024px) 100vw, 1024px\" \/><\/figure>\n\n\n\n<figure class=\"wp-block-image size-large\"><img loading=\"lazy\" decoding=\"async\" width=\"1024\" height=\"576\" data-id=\"10434\" src=\"https:\/\/tmg.hu\/wp-content\/uploads\/2025\/09\/istallo-1024x576.png\" alt=\"\" class=\"wp-image-10434\" srcset=\"https:\/\/tmg.hu\/wp-content\/uploads\/2025\/09\/istallo-1024x576.png 1024w, https:\/\/tmg.hu\/wp-content\/uploads\/2025\/09\/istallo-300x169.png 300w, https:\/\/tmg.hu\/wp-content\/uploads\/2025\/09\/istallo-768x432.png 768w, https:\/\/tmg.hu\/wp-content\/uploads\/2025\/09\/istallo-1536x864.png 1536w, https:\/\/tmg.hu\/wp-content\/uploads\/2025\/09\/istallo-18x10.png 18w, https:\/\/tmg.hu\/wp-content\/uploads\/2025\/09\/istallo-600x338.png 600w, https:\/\/tmg.hu\/wp-content\/uploads\/2025\/09\/istallo.png 1920w\" sizes=\"(max-width: 1024px) 100vw, 1024px\" \/><\/figure>\n<\/figure>\n\n\n\n<h2 class=\"wp-block-heading\">Meat from a vending machine?<\/h2>\n\n\n\n<p>The products are mainly sold through the website, but they also have two vending machines where you can buy dried meat, sauces, and ready-made meals. I tried one of them in Liberec \u2013 I bought 50 g of honey-mustard dried beef, which cost 120 koruna (approx. $0.70).<\/p>\n\n\n\n<p>Although I haven't eaten meat for 15 years, I tried it\u2014and I have to admit, <strong>it was very tasty<\/strong>. The conditions under which it is produced are entirely in line with what I consider important: animals living a peaceful, natural life, kept with care and in an ethical manner.<\/p>\n\n\n\n<figure class=\"wp-block-image size-large\"><img loading=\"lazy\" decoding=\"async\" width=\"1024\" height=\"452\" src=\"https:\/\/tmg.hu\/wp-content\/uploads\/2025\/09\/hus-automata-1024x452.png\" alt=\"\" class=\"wp-image-10436\" srcset=\"https:\/\/tmg.hu\/wp-content\/uploads\/2025\/09\/hus-automata-1024x452.png 1024w, https:\/\/tmg.hu\/wp-content\/uploads\/2025\/09\/hus-automata-300x132.png 300w, https:\/\/tmg.hu\/wp-content\/uploads\/2025\/09\/hus-automata-768x339.png 768w, https:\/\/tmg.hu\/wp-content\/uploads\/2025\/09\/hus-automata-1536x678.png 1536w, https:\/\/tmg.hu\/wp-content\/uploads\/2025\/09\/hus-automata-18x8.png 18w, https:\/\/tmg.hu\/wp-content\/uploads\/2025\/09\/hus-automata-600x265.png 600w, https:\/\/tmg.hu\/wp-content\/uploads\/2025\/09\/hus-automata.png 1920w\" sizes=\"(max-width: 1024px) 100vw, 1024px\" \/><\/figure>\n\n\n\n<h2 class=\"wp-block-heading\">On beautiful mountain pastures<\/h2>\n\n\n\n<p>The cattle shown in the pictures <strong>They graze in beautiful surroundings all summer long, until the winter season.<\/strong>. Every animal has a name and is well cared for, which is clearly evident. You can tell that the owner loves animals and enjoys what she does.<\/p>\n\n\n\n<p>At the end of the visit, I even received a gift\u2014rock-dried meat\u2014which we later tasted together with the TMG members at Lake Balaton. Everyone enjoyed it, and we all agreed that the animals on this farm really do receive the best treatment. The beautiful mountain pastures, rotational grazing, and the farmers' love for their work are all evident in what they do.<\/p>\n\n\n\n<figure class=\"wp-block-gallery has-nested-images columns-default is-cropped wp-block-gallery-2 is-layout-flex wp-block-gallery-is-layout-flex\">\n<figure class=\"wp-block-image size-large\"><img loading=\"lazy\" decoding=\"async\" width=\"1024\" height=\"576\" data-id=\"10438\" src=\"https:\/\/tmg.hu\/wp-content\/uploads\/2025\/09\/legelo-1024x576.png\" alt=\"\" class=\"wp-image-10438\" srcset=\"https:\/\/tmg.hu\/wp-content\/uploads\/2025\/09\/legelo-1024x576.png 1024w, https:\/\/tmg.hu\/wp-content\/uploads\/2025\/09\/legelo-300x169.png 300w, https:\/\/tmg.hu\/wp-content\/uploads\/2025\/09\/legelo-768x432.png 768w, https:\/\/tmg.hu\/wp-content\/uploads\/2025\/09\/legelo-1536x864.png 1536w, https:\/\/tmg.hu\/wp-content\/uploads\/2025\/09\/legelo-18x10.png 18w, https:\/\/tmg.hu\/wp-content\/uploads\/2025\/09\/legelo-600x338.png 600w, https:\/\/tmg.hu\/wp-content\/uploads\/2025\/09\/legelo.png 1920w\" sizes=\"(max-width: 1024px) 100vw, 1024px\" \/><\/figure>\n\n\n\n<figure class=\"wp-block-image size-large\"><img loading=\"lazy\" decoding=\"async\" width=\"1024\" height=\"576\" data-id=\"10437\" src=\"https:\/\/tmg.hu\/wp-content\/uploads\/2025\/09\/hegyi-legelo-1024x576.png\" alt=\"\" class=\"wp-image-10437\" srcset=\"https:\/\/tmg.hu\/wp-content\/uploads\/2025\/09\/hegyi-legelo-1024x576.png 1024w, https:\/\/tmg.hu\/wp-content\/uploads\/2025\/09\/hegyi-legelo-300x169.png 300w, https:\/\/tmg.hu\/wp-content\/uploads\/2025\/09\/hegyi-legelo-768x432.png 768w, https:\/\/tmg.hu\/wp-content\/uploads\/2025\/09\/hegyi-legelo-1536x864.png 1536w, https:\/\/tmg.hu\/wp-content\/uploads\/2025\/09\/hegyi-legelo-18x10.png 18w, https:\/\/tmg.hu\/wp-content\/uploads\/2025\/09\/hegyi-legelo-600x338.png 600w, https:\/\/tmg.hu\/wp-content\/uploads\/2025\/09\/hegyi-legelo.png 1920w\" sizes=\"(max-width: 1024px) 100vw, 1024px\" \/><\/figure>\n<\/figure>\n\n\n\n<h2 class=\"wp-block-heading\">The soil, vegetation, animals, and farmers all benefit<\/h2>\n\n\n\n<p>A <a href=\"https:\/\/tmg.hu\/en\/a-no-tiller-in-somogyban-takaronovenyes-no-till-technology-with-intermittent-grazing\/\">shift grazing<\/a> such <strong>sustainable farming practices<\/strong>, which promotes soil regeneration and reduces environmental impact.<\/p>\n\n\n\n<ul class=\"wp-block-list\">\n<li><strong>Improves soil structure<\/strong> \u2013 Roots are stronger, more organic matter (manure) is returned, and humus formation is enhanced.<\/li>\n\n\n\n<li><strong>Water retention<\/strong> \u2013 Due to deep roots and improved soil life, the area is more resistant to drought.<\/li>\n\n\n\n<li><strong>Biodiversity<\/strong> \u2013 Flowers, butterflies, and bees appear in the rested sections, and the number of plant species increases.<\/li>\n\n\n\n<li><strong>Animal health<\/strong> \u2013 Fresh, nutrient-rich feed reduces the risk of disease and improves condition.<\/li>\n<\/ul>\n\n\n\n<h2 class=\"wp-block-heading\">Rotational grazing: not just for large farms<\/h2>\n\n\n\n<p>Although Zemex farms several hectares of land, rotational grazing <strong>can be introduced even on smaller farms<\/strong>. The basic principle is the same: graze for a short period of time, then allow the area to regenerate for a longer period.<\/p>\n\n\n\n<p>And most importantly, the <strong>observation and flexibility<\/strong> \u2013 No two years are the same, and the method must always be adapted to the condition of the vegetation.<\/p>\n\n\n\n<p>Intermittent grazing is not just a technology, but a change in mindset. The Zemex farm at the foot of the Krkono\u0161e Mountains is a living example of this. <strong>soil restoration practices and profitable animal husbandry can go hand in hand<\/strong>.<\/p>","protected":false},"excerpt":{"rendered":"<p>A szakaszos legeltet\u00e9s ma egyre t\u00f6bb gazda sz\u00e1m\u00e1ra jelenti a j\u00f6v\u0151t: egyszerre v\u00e9di a talajt, n\u00f6veli a legel\u0151k hozam\u00e1t, \u00e9s jav\u00edtja az \u00e1llatok eg\u00e9szs\u00e9g\u00e9t. De hogyan m\u0171k\u00f6dik ez a m\u00f3dszer a mindennapokban? Zsuzsi, a Talajmeg\u00faj\u00edt\u00f3 Gazd\u00e1k Egyes\u00fclet\u00e9nek seg\u00edt\u0151je a Krkono\u0161e-hegys\u00e9g l\u00e1b\u00e1n\u00e1l fekv\u0151 Zemex gazdas\u00e1gban j\u00e1rt, \u00e9s testk\u00f6zelb\u0151l l\u00e1tta, milyen v\u00e1ltoz\u00e1st hoz egy j\u00f3l szervezett legeltet\u00e9si [&hellip;]<\/p>","protected":false},"author":141,"featured_media":10430,"comment_status":"closed","ping_status":"closed","sticky":false,"template":"","format":"standard","meta":{"footnotes":""},"categories":[49,40,48],"tags":[],"class_list":["post-10429","post","type-post","status-publish","format-standard","has-post-thumbnail","hentry","category-allat","category-noveny","category-talaj"],"yoast_head":"<!-- This site is optimized with the Yoast SEO plugin v26.6 - https:\/\/yoast.com\/wordpress\/plugins\/seo\/ -->\n<title>Szakaszos legeltet\u00e9s a Krkono\u0161e l\u00e1b\u00e1n\u00e1l \u2013 l\u00e1togat\u00e1s a Zemex farmon - Talajmeg\u00faj\u00edt\u00f3 Gazd\u00e1k Egyes\u00fclete<\/title>\n<meta name=\"description\" content=\"L\u00e1togat\u00e1s a cseh Zemex gazdas\u00e1gban, ahol szakaszos legeltet\u00e9ssel, organikus h\u00fasmarhatart\u00e1ssal \u00e9s etikus szeml\u00e9lettel gondozz\u00e1k a marh\u00e1kat.\" \/>\n<meta name=\"robots\" content=\"index, follow, max-snippet:-1, max-image-preview:large, max-video-preview:-1\" \/>\n<link rel=\"canonical\" href=\"https:\/\/tmg.hu\/en\/intermittent-grazing-in-the-krkonose-mountains-visit-to-the-zemex-farm\/\" \/>\n<meta property=\"og:locale\" content=\"en_US\" \/>\n<meta property=\"og:type\" content=\"article\" \/>\n<meta property=\"og:title\" content=\"Szakaszos legeltet\u00e9s a Krkono\u0161e l\u00e1b\u00e1n\u00e1l \u2013 l\u00e1togat\u00e1s a Zemex farmon - Talajmeg\u00faj\u00edt\u00f3 Gazd\u00e1k Egyes\u00fclete\" \/>\n<meta property=\"og:description\" content=\"L\u00e1togat\u00e1s a cseh Zemex gazdas\u00e1gban, ahol szakaszos legeltet\u00e9ssel, organikus h\u00fasmarhatart\u00e1ssal \u00e9s etikus szeml\u00e9lettel gondozz\u00e1k a marh\u00e1kat.\" \/>\n<meta property=\"og:url\" content=\"https:\/\/tmg.hu\/en\/intermittent-grazing-in-the-krkonose-mountains-visit-to-the-zemex-farm\/\" \/>\n<meta property=\"og:site_name\" content=\"Talajmeg\u00faj\u00edt\u00f3 Gazd\u00e1k Egyes\u00fclete\" \/>\n<meta property=\"article:publisher\" content=\"https:\/\/www.facebook.com\/tmg.egyesulet\/\" \/>\n<meta property=\"article:published_time\" content=\"2025-09-10T12:31:33+00:00\" \/>\n<meta property=\"article:modified_time\" content=\"2025-09-10T12:31:35+00:00\" \/>\n<meta property=\"og:image\" content=\"https:\/\/tmg.hu\/wp-content\/uploads\/2025\/09\/szakaszos-legeltetes-fokep.png\" \/>\n\t<meta property=\"og:image:width\" content=\"1920\" \/>\n\t<meta property=\"og:image:height\" content=\"1080\" \/>\n\t<meta property=\"og:image:type\" content=\"image\/png\" \/>\n<meta name=\"author\" content=\"Csizm\u00e1n Zolt\u00e1n\" \/>\n<meta name=\"twitter:card\" content=\"summary_large_image\" \/>\n<meta name=\"twitter:label1\" content=\"Written by\" \/>\n\t<meta name=\"twitter:data1\" content=\"Csizm\u00e1n Zolt\u00e1n\" \/>\n\t<meta name=\"twitter:label2\" content=\"Est. reading time\" \/>\n\t<meta name=\"twitter:data2\" content=\"7 minutes\" \/>\n<script type=\"application\/ld+json\" class=\"yoast-schema-graph\">{\"@context\":\"https:\/\/schema.org\",\"@graph\":[{\"@type\":\"Article\",\"@id\":\"https:\/\/tmg.hu\/szakaszos-legeltetes-a-krkonose-labanal-latogatas-a-zemex-farmon\/#article\",\"isPartOf\":{\"@id\":\"https:\/\/tmg.hu\/szakaszos-legeltetes-a-krkonose-labanal-latogatas-a-zemex-farmon\/\"},\"author\":{\"name\":\"Csizm\u00e1n Zolt\u00e1n\",\"@id\":\"https:\/\/tmg.hu\/#\/schema\/person\/3848fe83e5041cff6a4b3dc1a7725505\"},\"headline\":\"Szakaszos legeltet\u00e9s a Krkono\u0161e l\u00e1b\u00e1n\u00e1l \u2013 l\u00e1togat\u00e1s a Zemex farmon\",\"datePublished\":\"2025-09-10T12:31:33+00:00\",\"dateModified\":\"2025-09-10T12:31:35+00:00\",\"mainEntityOfPage\":{\"@id\":\"https:\/\/tmg.hu\/szakaszos-legeltetes-a-krkonose-labanal-latogatas-a-zemex-farmon\/\"},\"wordCount\":1408,\"publisher\":{\"@id\":\"https:\/\/tmg.hu\/#organization\"},\"image\":{\"@id\":\"https:\/\/tmg.hu\/szakaszos-legeltetes-a-krkonose-labanal-latogatas-a-zemex-farmon\/#primaryimage\"},\"thumbnailUrl\":\"https:\/\/tmg.hu\/wp-content\/uploads\/2025\/09\/szakaszos-legeltetes-fokep.png\",\"articleSection\":[\"\u00c1llat\",\"N\u00f6v\u00e9ny\",\"Talaj\"],\"inLanguage\":\"en-US\"},{\"@type\":\"WebPage\",\"@id\":\"https:\/\/tmg.hu\/szakaszos-legeltetes-a-krkonose-labanal-latogatas-a-zemex-farmon\/\",\"url\":\"https:\/\/tmg.hu\/szakaszos-legeltetes-a-krkonose-labanal-latogatas-a-zemex-farmon\/\",\"name\":\"Szakaszos legeltet\u00e9s a Krkono\u0161e l\u00e1b\u00e1n\u00e1l \u2013 l\u00e1togat\u00e1s a Zemex farmon - Talajmeg\u00faj\u00edt\u00f3 Gazd\u00e1k Egyes\u00fclete\",\"isPartOf\":{\"@id\":\"https:\/\/tmg.hu\/#website\"},\"primaryImageOfPage\":{\"@id\":\"https:\/\/tmg.hu\/szakaszos-legeltetes-a-krkonose-labanal-latogatas-a-zemex-farmon\/#primaryimage\"},\"image\":{\"@id\":\"https:\/\/tmg.hu\/szakaszos-legeltetes-a-krkonose-labanal-latogatas-a-zemex-farmon\/#primaryimage\"},\"thumbnailUrl\":\"https:\/\/tmg.hu\/wp-content\/uploads\/2025\/09\/szakaszos-legeltetes-fokep.png\",\"datePublished\":\"2025-09-10T12:31:33+00:00\",\"dateModified\":\"2025-09-10T12:31:35+00:00\",\"description\":\"L\u00e1togat\u00e1s a cseh Zemex gazdas\u00e1gban, ahol szakaszos legeltet\u00e9ssel, organikus h\u00fasmarhatart\u00e1ssal \u00e9s etikus szeml\u00e9lettel gondozz\u00e1k a marh\u00e1kat.\",\"breadcrumb\":{\"@id\":\"https:\/\/tmg.hu\/szakaszos-legeltetes-a-krkonose-labanal-latogatas-a-zemex-farmon\/#breadcrumb\"},\"inLanguage\":\"en-US\",\"potentialAction\":[{\"@type\":\"ReadAction\",\"target\":[\"https:\/\/tmg.hu\/szakaszos-legeltetes-a-krkonose-labanal-latogatas-a-zemex-farmon\/\"]}]},{\"@type\":\"ImageObject\",\"inLanguage\":\"en-US\",\"@id\":\"https:\/\/tmg.hu\/szakaszos-legeltetes-a-krkonose-labanal-latogatas-a-zemex-farmon\/#primaryimage\",\"url\":\"https:\/\/tmg.hu\/wp-content\/uploads\/2025\/09\/szakaszos-legeltetes-fokep.png\",\"contentUrl\":\"https:\/\/tmg.hu\/wp-content\/uploads\/2025\/09\/szakaszos-legeltetes-fokep.png\",\"width\":1920,\"height\":1080},{\"@type\":\"BreadcrumbList\",\"@id\":\"https:\/\/tmg.hu\/szakaszos-legeltetes-a-krkonose-labanal-latogatas-a-zemex-farmon\/#breadcrumb\",\"itemListElement\":[{\"@type\":\"ListItem\",\"position\":1,\"name\":\"Home\",\"item\":\"https:\/\/tmg.hu\/\"},{\"@type\":\"ListItem\",\"position\":2,\"name\":\"Szakaszos legeltet\u00e9s a Krkono\u0161e l\u00e1b\u00e1n\u00e1l \u2013 l\u00e1togat\u00e1s a Zemex farmon\"}]},{\"@type\":\"WebSite\",\"@id\":\"https:\/\/tmg.hu\/#website\",\"url\":\"https:\/\/tmg.hu\/\",\"name\":\"TMG - Talajmeg\u00faj\u00edt\u00f3 Gazd\u00e1k Egyes\u00fclete\",\"description\":\"Talajmeg\u00faj\u00edt\u00f3 Gazd\u00e1k Egyes\u00fclete\",\"publisher\":{\"@id\":\"https:\/\/tmg.hu\/#organization\"},\"potentialAction\":[{\"@type\":\"SearchAction\",\"target\":{\"@type\":\"EntryPoint\",\"urlTemplate\":\"https:\/\/tmg.hu\/?s={search_term_string}\"},\"query-input\":{\"@type\":\"PropertyValueSpecification\",\"valueRequired\":true,\"valueName\":\"search_term_string\"}}],\"inLanguage\":\"en-US\"},{\"@type\":\"Organization\",\"@id\":\"https:\/\/tmg.hu\/#organization\",\"name\":\"Talajmeg\u00faj\u00edt\u00f3 Gazd\u00e1k Egyes\u00fclete\",\"url\":\"https:\/\/tmg.hu\/\",\"logo\":{\"@type\":\"ImageObject\",\"inLanguage\":\"en-US\",\"@id\":\"https:\/\/tmg.hu\/#\/schema\/logo\/image\/\",\"url\":\"https:\/\/tmg.hu\/wp-content\/uploads\/2024\/10\/tmg_og_logo.png\",\"contentUrl\":\"https:\/\/tmg.hu\/wp-content\/uploads\/2024\/10\/tmg_og_logo.png\",\"width\":1200,\"height\":630,\"caption\":\"Talajmeg\u00faj\u00edt\u00f3 Gazd\u00e1k Egyes\u00fclete\"},\"image\":{\"@id\":\"https:\/\/tmg.hu\/#\/schema\/logo\/image\/\"},\"sameAs\":[\"https:\/\/www.facebook.com\/tmg.egyesulet\/\",\"https:\/\/www.instagram.com\/tmg.hu\/\",\"https:\/\/www.youtube.com\/@tmg_egyesulet\"]},{\"@type\":\"Person\",\"@id\":\"https:\/\/tmg.hu\/#\/schema\/person\/3848fe83e5041cff6a4b3dc1a7725505\",\"name\":\"Csizm\u00e1n Zolt\u00e1n\"}]}<\/script>\n<!-- \/ Yoast SEO plugin. -->","yoast_head_json":{"title":"Intermittent grazing at the foot of the Krkono\u0161e Mountains \u2013 a visit to the Zemex farm - Soil Renewal Farmers Association","description":"Visit to the Czech Zemex farm, where cattle are cared for using rotational grazing, organic beef farming, and an ethical approach.","robots":{"index":"index","follow":"follow","max-snippet":"max-snippet:-1","max-image-preview":"max-image-preview:large","max-video-preview":"max-video-preview:-1"},"canonical":"https:\/\/tmg.hu\/en\/intermittent-grazing-in-the-krkonose-mountains-visit-to-the-zemex-farm\/","og_locale":"en_US","og_type":"article","og_title":"Szakaszos legeltet\u00e9s a Krkono\u0161e l\u00e1b\u00e1n\u00e1l \u2013 l\u00e1togat\u00e1s a Zemex farmon - Talajmeg\u00faj\u00edt\u00f3 Gazd\u00e1k Egyes\u00fclete","og_description":"L\u00e1togat\u00e1s a cseh Zemex gazdas\u00e1gban, ahol szakaszos legeltet\u00e9ssel, organikus h\u00fasmarhatart\u00e1ssal \u00e9s etikus szeml\u00e9lettel gondozz\u00e1k a marh\u00e1kat.","og_url":"https:\/\/tmg.hu\/en\/intermittent-grazing-in-the-krkonose-mountains-visit-to-the-zemex-farm\/","og_site_name":"Talajmeg\u00faj\u00edt\u00f3 Gazd\u00e1k Egyes\u00fclete","article_publisher":"https:\/\/www.facebook.com\/tmg.egyesulet\/","article_published_time":"2025-09-10T12:31:33+00:00","article_modified_time":"2025-09-10T12:31:35+00:00","og_image":[{"width":1920,"height":1080,"url":"https:\/\/tmg.hu\/wp-content\/uploads\/2025\/09\/szakaszos-legeltetes-fokep.png","type":"image\/png"}],"author":"Csizm\u00e1n Zolt\u00e1n","twitter_card":"summary_large_image","twitter_misc":{"Written by":"Csizm\u00e1n Zolt\u00e1n","Est. reading time":"7 minutes"},"schema":{"@context":"https:\/\/schema.org","@graph":[{"@type":"Article","@id":"https:\/\/tmg.hu\/szakaszos-legeltetes-a-krkonose-labanal-latogatas-a-zemex-farmon\/#article","isPartOf":{"@id":"https:\/\/tmg.hu\/szakaszos-legeltetes-a-krkonose-labanal-latogatas-a-zemex-farmon\/"},"author":{"name":"Csizm\u00e1n Zolt\u00e1n","@id":"https:\/\/tmg.hu\/#\/schema\/person\/3848fe83e5041cff6a4b3dc1a7725505"},"headline":"Szakaszos legeltet\u00e9s a Krkono\u0161e l\u00e1b\u00e1n\u00e1l \u2013 l\u00e1togat\u00e1s a Zemex farmon","datePublished":"2025-09-10T12:31:33+00:00","dateModified":"2025-09-10T12:31:35+00:00","mainEntityOfPage":{"@id":"https:\/\/tmg.hu\/szakaszos-legeltetes-a-krkonose-labanal-latogatas-a-zemex-farmon\/"},"wordCount":1408,"publisher":{"@id":"https:\/\/tmg.hu\/#organization"},"image":{"@id":"https:\/\/tmg.hu\/szakaszos-legeltetes-a-krkonose-labanal-latogatas-a-zemex-farmon\/#primaryimage"},"thumbnailUrl":"https:\/\/tmg.hu\/wp-content\/uploads\/2025\/09\/szakaszos-legeltetes-fokep.png","articleSection":["\u00c1llat","N\u00f6v\u00e9ny","Talaj"],"inLanguage":"en-US"},{"@type":"WebPage","@id":"https:\/\/tmg.hu\/szakaszos-legeltetes-a-krkonose-labanal-latogatas-a-zemex-farmon\/","url":"https:\/\/tmg.hu\/szakaszos-legeltetes-a-krkonose-labanal-latogatas-a-zemex-farmon\/","name":"Intermittent grazing at the foot of the Krkono\u0161e Mountains \u2013 a visit to the Zemex farm - Soil Renewal Farmers Association","isPartOf":{"@id":"https:\/\/tmg.hu\/#website"},"primaryImageOfPage":{"@id":"https:\/\/tmg.hu\/szakaszos-legeltetes-a-krkonose-labanal-latogatas-a-zemex-farmon\/#primaryimage"},"image":{"@id":"https:\/\/tmg.hu\/szakaszos-legeltetes-a-krkonose-labanal-latogatas-a-zemex-farmon\/#primaryimage"},"thumbnailUrl":"https:\/\/tmg.hu\/wp-content\/uploads\/2025\/09\/szakaszos-legeltetes-fokep.png","datePublished":"2025-09-10T12:31:33+00:00","dateModified":"2025-09-10T12:31:35+00:00","description":"Visit to the Czech Zemex farm, where cattle are cared for using rotational grazing, organic beef farming, and an ethical approach.","breadcrumb":{"@id":"https:\/\/tmg.hu\/szakaszos-legeltetes-a-krkonose-labanal-latogatas-a-zemex-farmon\/#breadcrumb"},"inLanguage":"en-US","potentialAction":[{"@type":"ReadAction","target":["https:\/\/tmg.hu\/szakaszos-legeltetes-a-krkonose-labanal-latogatas-a-zemex-farmon\/"]}]},{"@type":"ImageObject","inLanguage":"en-US","@id":"https:\/\/tmg.hu\/szakaszos-legeltetes-a-krkonose-labanal-latogatas-a-zemex-farmon\/#primaryimage","url":"https:\/\/tmg.hu\/wp-content\/uploads\/2025\/09\/szakaszos-legeltetes-fokep.png","contentUrl":"https:\/\/tmg.hu\/wp-content\/uploads\/2025\/09\/szakaszos-legeltetes-fokep.png","width":1920,"height":1080},{"@type":"BreadcrumbList","@id":"https:\/\/tmg.hu\/szakaszos-legeltetes-a-krkonose-labanal-latogatas-a-zemex-farmon\/#breadcrumb","itemListElement":[{"@type":"ListItem","position":1,"name":"Home","item":"https:\/\/tmg.hu\/"},{"@type":"ListItem","position":2,"name":"Szakaszos legeltet\u00e9s a Krkono\u0161e l\u00e1b\u00e1n\u00e1l \u2013 l\u00e1togat\u00e1s a Zemex farmon"}]},{"@type":"WebSite","@id":"https:\/\/tmg.hu\/#website","url":"https:\/\/tmg.hu\/","name":"TMG - Soil Renewal Farmers' Association","description":"Soil Restoration Farmers Association","publisher":{"@id":"https:\/\/tmg.hu\/#organization"},"potentialAction":[{"@type":"SearchAction","target":{"@type":"EntryPoint","urlTemplate":"https:\/\/tmg.hu\/?s={search_term_string}"},"query-input":{"@type":"PropertyValueSpecification","valueRequired":true,"valueName":"search_term_string"}}],"inLanguage":"en-US"},{"@type":"Organization","@id":"https:\/\/tmg.hu\/#organization","name":"Soil Restoration Farmers Association","url":"https:\/\/tmg.hu\/","logo":{"@type":"ImageObject","inLanguage":"en-US","@id":"https:\/\/tmg.hu\/#\/schema\/logo\/image\/","url":"https:\/\/tmg.hu\/wp-content\/uploads\/2024\/10\/tmg_og_logo.png","contentUrl":"https:\/\/tmg.hu\/wp-content\/uploads\/2024\/10\/tmg_og_logo.png","width":1200,"height":630,"caption":"Talajmeg\u00faj\u00edt\u00f3 Gazd\u00e1k Egyes\u00fclete"},"image":{"@id":"https:\/\/tmg.hu\/#\/schema\/logo\/image\/"},"sameAs":["https:\/\/www.facebook.com\/tmg.egyesulet\/","https:\/\/www.instagram.com\/tmg.hu\/","https:\/\/www.youtube.com\/@tmg_egyesulet"]},{"@type":"Person","@id":"https:\/\/tmg.hu\/#\/schema\/person\/3848fe83e5041cff6a4b3dc1a7725505","name":"Zolt\u00e1n Csizm\u00e1n"}]}},"_links":{"self":[{"href":"https:\/\/tmg.hu\/en\/wp-json\/wp\/v2\/posts\/10429","targetHints":{"allow":["GET"]}}],"collection":[{"href":"https:\/\/tmg.hu\/en\/wp-json\/wp\/v2\/posts"}],"about":[{"href":"https:\/\/tmg.hu\/en\/wp-json\/wp\/v2\/types\/post"}],"author":[{"embeddable":true,"href":"https:\/\/tmg.hu\/en\/wp-json\/wp\/v2\/users\/141"}],"replies":[{"embeddable":true,"href":"https:\/\/tmg.hu\/en\/wp-json\/wp\/v2\/comments?post=10429"}],"version-history":[{"count":7,"href":"https:\/\/tmg.hu\/en\/wp-json\/wp\/v2\/posts\/10429\/revisions"}],"predecessor-version":[{"id":10451,"href":"https:\/\/tmg.hu\/en\/wp-json\/wp\/v2\/posts\/10429\/revisions\/10451"}],"wp:featuredmedia":[{"embeddable":true,"href":"https:\/\/tmg.hu\/en\/wp-json\/wp\/v2\/media\/10430"}],"wp:attachment":[{"href":"https:\/\/tmg.hu\/en\/wp-json\/wp\/v2\/media?parent=10429"}],"wp:term":[{"taxonomy":"category","embeddable":true,"href":"https:\/\/tmg.hu\/en\/wp-json\/wp\/v2\/categories?post=10429"},{"taxonomy":"post_tag","embeddable":true,"href":"https:\/\/tmg.hu\/en\/wp-json\/wp\/v2\/tags?post=10429"}],"curies":[{"name":"wp","href":"https:\/\/api.w.org\/{rel}","templated":true}]}}