{"id":10207,"date":"2025-05-29T15:02:01","date_gmt":"2025-05-29T13:02:01","guid":{"rendered":"https:\/\/tmg.hu\/?p=10207"},"modified":"2025-05-30T10:36:41","modified_gmt":"2025-05-30T08:36:41","slug":"das-geheimnis-liegt-im-boden","status":"publish","type":"post","link":"https:\/\/tmg.hu\/de\/das-geheimnis-liegt-im-boden\/","title":{"rendered":"Gesunde Ern\u00e4hrung beginnt an der Quelle - Das Geheimnis liegt im Bodenleben"},"content":{"rendered":"<p>Eine gesunde Ern\u00e4hrung beginnt mit den Zutaten, und die Zutaten kommen aus dem \u00d6l. Die Qualit\u00e4t und Gesundheit des Bodens entscheidet dar\u00fcber, wie gesund und n\u00e4hrstoffreich unsere Lebensmittel sein werden. Das Ziel regenerativer landwirtschaftlicher Betriebe ist es, echte, n\u00e4hrstoffreiche Lebensmittel zu produzieren - und zwar nachhaltig und unter Erhaltung des Bodenlebens.<\/p>\n\n\n\n<p>Ich k\u00f6nnte diesen Artikel mit den Worten beginnen: <em>\"Leider gibt es immer noch sehr wenige regenerative Landwirte unter uns...\"<\/em> - aber ich m\u00f6chte lieber mit den positiven Aspekten der letzten Jahre beginnen. Regenerative Bauernh\u00f6fe, \u00e4hnlich wie Permakultur-G\u00e4rten, k\u00f6nnten bewusste Verbraucher mit hochwertigen, nahrhaften Lebensmitteln versorgen - auch in gr\u00f6\u00dferem Ma\u00dfstab.<\/p>\n\n\n\n<p>Erfreulicherweise haben einige Menschen dies bereits erkannt. So gibt es zum Beispiel mehrere Bauer-B\u00e4cker-B\u00e4cker-Partnerschaften, aber auch f\u00fcr andere Produkte gibt es Potenziale durch nachwachsende Rohstoffe und Produkte.<\/p>\n\n\n\n<h2 class=\"wp-block-heading\">Der Wandel ist bereits im Gange<\/h2>\n\n\n\n<p>Als ich vor acht Jahren auf regenerative Landwirtschaft umstellte, gab es nur eine Handvoll von uns im Land, die so dachten. Damals konnte ich nicht ahnen, dass die Zahl der Landwirte, die diesen Weg w\u00e4hlen, so schnell wachsen w\u00fcrde.<\/p>\n\n\n\n<p>Und <strong>in dem Ma\u00dfe, in dem die Zahl der bewussten Verbraucher in den St\u00e4dten w\u00e4chst, w\u00e4chst auch die Zahl der regenerativen landwirtschaftlichen Betriebe in den l\u00e4ndlichen Gebieten<\/strong>. Aber die beiden finden - vorerst - nicht wirklich zueinander.<\/p>\n\n\n\n<figure class=\"wp-block-image size-large\"><img fetchpriority=\"high\" decoding=\"async\" width=\"1024\" height=\"576\" src=\"https:\/\/tmg.hu\/wp-content\/uploads\/2025\/05\/egeszseges-zoldsegek-1024x576.jpg\" alt=\"\" class=\"wp-image-10211\" srcset=\"https:\/\/tmg.hu\/wp-content\/uploads\/2025\/05\/egeszseges-zoldsegek-1024x576.jpg 1024w, https:\/\/tmg.hu\/wp-content\/uploads\/2025\/05\/egeszseges-zoldsegek-300x169.jpg 300w, https:\/\/tmg.hu\/wp-content\/uploads\/2025\/05\/egeszseges-zoldsegek-768x432.jpg 768w, https:\/\/tmg.hu\/wp-content\/uploads\/2025\/05\/egeszseges-zoldsegek-1536x864.jpg 1536w, https:\/\/tmg.hu\/wp-content\/uploads\/2025\/05\/egeszseges-zoldsegek-18x10.jpg 18w, https:\/\/tmg.hu\/wp-content\/uploads\/2025\/05\/egeszseges-zoldsegek-600x338.jpg 600w, https:\/\/tmg.hu\/wp-content\/uploads\/2025\/05\/egeszseges-zoldsegek.jpg 1920w\" sizes=\"(max-width: 1024px) 100vw, 1024px\" \/><\/figure>\n\n\n\n<h2 class=\"wp-block-heading\">Regenerative Lebensmittel statt industrieller Lebensmittel<\/h2>\n\n\n\n<p>Warum sollte man sich f\u00fcr Lebensmittel aus regenerativer Produktion entscheiden? Weil <strong>voller Leben<\/strong>. Ich verwende absichtlich das Wort \"Lebensmittel\" und nicht \"Lebensmittel\". Die Industrie produziert Lebensmittel - eine Massenware, deren Hauptziel Quantit\u00e4t und Profit ist, nicht Qualit\u00e4t oder langfristige Nachhaltigkeit.<\/p>\n\n\n\n<p><strong>Qualitativ minderwertige Lebensmittel sind nicht gut f\u00fcr unsere Gesundheit.<\/strong> Das Gegenteil ist der Fall. Es gibt inzwischen eine F\u00fclle von Forschungsergebnissen, die belegen, dass eine ungesunde Ern\u00e4hrung eng mit unseren modernen Zivilisationskrankheiten zusammenh\u00e4ngt.<\/p>\n\n\n\n<p><strong>Die industrielle Landwirtschaft basiert h\u00e4ufig auf der Verarmung der B\u00f6den.<\/strong> Das Ziel ist es, so viel wie m\u00f6glich aus dem Boden herauszuholen, bis hin zum letzten Korn. Diese Methoden f\u00fchren zu einer Verarmung des nat\u00fcrlichen Bodenlebens und machen die Pflanzen immer abh\u00e4ngiger von externen Inputs - D\u00fcngemittel, Pestizide.<\/p>\n\n\n\n<p><strong>Krankheitserreger sind die ersten, die im absterbenden Boden auftreten<\/strong>Und weil diese unerw\u00fcnscht sind, besteht die L\u00f6sung in mehr Chemikalien, mehr mechanischen Eingriffen - zum Beispiel werden potenziell gef\u00e4hrliche Pflanzenreste tief untergraben, um sie \"aus dem Weg zu r\u00e4umen\".<\/p>\n\n\n\n<p>Ein bewusster regenerativer Landwirt hingegen wei\u00df das: <strong>ohne gesunden Boden gibt es keine gesunde Pflanze und damit keine wirklich nahrhafte Ernte<\/strong>.<\/p>\n\n\n\n<p>Und der bewusste Eink\u00e4ufer sucht nach gesunden Lebensmitteln, die wirklich nachhaltig produziert werden und reich an N\u00e4hrstoffen und Vitaminen sind. Was sollten Sie also w\u00e4hlen, um sich gesund zu ern\u00e4hren?<\/p>\n\n\n\n<h2 class=\"wp-block-heading\">Obst ist nicht mehr dasselbe - was ist mit unserem Essen passiert?<\/h2>\n\n\n\n<p>Eine <a href=\"https:\/\/pubmed.ncbi.nlm.nih.gov\/38540869\/\" target=\"_blank\" rel=\"noreferrer noopener\">Laut einer im Jahr 2024 ver\u00f6ffentlichten Studie<\/a> <strong>der N\u00e4hrstoffgehalt von Lebensmitteln hat in den letzten sechzig Jahren erheblich abgenommen<\/strong>insbesondere den Gehalt an Mineralien und n\u00fctzlichen Verbindungen, die in Obst, Gem\u00fcse und Grundnahrungsmitteln enthalten sind.<\/p>\n\n\n\n<p>Die Gr\u00fcnde sind unter anderem:<\/p>\n\n\n\n<ul class=\"wp-block-list\">\n<li>unsachgem\u00e4\u00dfer Einsatz von D\u00fcngemitteln,<\/li>\n\n\n\n<li>die Bevorzugung weniger nahrhafter, aber ertragreicher Sorten und<\/li>\n\n\n\n<li>der \u00dcbergang von der nat\u00fcrlichen zur chemischen Landwirtschaft.<\/li>\n<\/ul>\n\n\n\n<p>Die L\u00f6sung w\u00e4re die R\u00fcckkehr zum traditionellen Anbau von n\u00e4hrstoffreichen Pflanzen, <strong>Verbesserung der biologischen Vielfalt und der Fruchtbarkeit des Bodens<\/strong>um gesunde Lebensmittel f\u00fcr k\u00fcnftige Generationen zu gew\u00e4hrleisten.<\/p>\n\n\n\n<figure class=\"wp-block-image size-large\"><img decoding=\"async\" width=\"1024\" height=\"576\" src=\"https:\/\/tmg.hu\/wp-content\/uploads\/2025\/05\/regenerativ-gazdalkodas-1024x576.png\" alt=\"\" class=\"wp-image-10212\" srcset=\"https:\/\/tmg.hu\/wp-content\/uploads\/2025\/05\/regenerativ-gazdalkodas-1024x576.png 1024w, https:\/\/tmg.hu\/wp-content\/uploads\/2025\/05\/regenerativ-gazdalkodas-300x169.png 300w, https:\/\/tmg.hu\/wp-content\/uploads\/2025\/05\/regenerativ-gazdalkodas-768x432.png 768w, https:\/\/tmg.hu\/wp-content\/uploads\/2025\/05\/regenerativ-gazdalkodas-1536x864.png 1536w, https:\/\/tmg.hu\/wp-content\/uploads\/2025\/05\/regenerativ-gazdalkodas-18x10.png 18w, https:\/\/tmg.hu\/wp-content\/uploads\/2025\/05\/regenerativ-gazdalkodas-600x338.png 600w, https:\/\/tmg.hu\/wp-content\/uploads\/2025\/05\/regenerativ-gazdalkodas.png 1920w\" sizes=\"(max-width: 1024px) 100vw, 1024px\" \/><\/figure>\n\n\n\n<h2 class=\"wp-block-heading\">Was sagt die Forschung \u00fcber den N\u00e4hrstoffgehalt von regenerativen Lebensmitteln aus?<\/h2>\n\n\n\n<p>Eine <a href=\"https:\/\/peerj.com\/articles\/12848\/\" target=\"_blank\" rel=\"noreferrer noopener\">2022 US-Studie<\/a> regenerative landwirtschaftliche Praktiken wie die <strong>Direktsaat, Deckfr\u00fcchte und Fruchtfolge<\/strong> - den N\u00e4hrstoffgehalt der angebauten Pflanzen deutlich zu verbessern.<\/p>\n\n\n\n<p>In der Vergleichsstudie wurden die gleichen Kulturen auf benachbarten regenerativen und konventionellen Betrieben verglichen. Das Ergebnis: <strong>Pflanzen, die mit regenerativen Methoden gez\u00fcchtet werden, enthalten mehr n\u00fctzliche Vitamine, Mineralien, sekund\u00e4re Pflanzenstoffe und weniger sch\u00e4dliche Elemente<\/strong>.<\/p>\n\n\n\n<p>Den Forschern zufolge kann die biologische Gesundheit des Bodens - insbesondere das Vorhandensein von Mikroorganismen - eine Schl\u00fcsselrolle dabei spielen, wie die Bodenqualit\u00e4t die gesundheitlichen Auswirkungen von Lebensmitteln beeinflusst. Die Forschungsarbeiten wurden von David R. Montgomery und Anne Bikl\u00e9 geleitet, den Autoren der B\u00fccher \"Soil: the erosion of civilisations\" und \"The hidden side of nature\", die Gegenstand der folgenden B\u00fccher sind <a href=\"https:\/\/tmg.hu\/de\/webshop\/\">TMGs Webshop<\/a> sind verf\u00fcgbar.<\/p>\n\n\n\n<p>Nach einer Untersuchung von Dan Kittredge und dem Bionutrient Institute<strong> der einzige konsistente Pr\u00e4diktor f\u00fcr die Pflanzenn\u00e4hrstoffdichte ist die Bodenatmung<\/strong>der ein Indikator f\u00fcr die Aktivit\u00e4t des Bodenlebens ist - und nicht f\u00fcr die Anbaumethode im weiteren Sinne.<\/p>\n\n\n\n<p>Ihre Ergebnisse zeigen, dass <strong>der N\u00e4hrwert von Lebensmitteln h\u00e4ngt unmittelbar von der Gesundheit und der biologischen Aktivit\u00e4t des Bodens ab<\/strong>.<\/p>\n\n\n\n<figure class=\"wp-block-image size-large\"><img decoding=\"async\" width=\"1024\" height=\"576\" src=\"https:\/\/tmg.hu\/wp-content\/uploads\/2025\/05\/termofold-1024x576.png\" alt=\"\" class=\"wp-image-10213\" srcset=\"https:\/\/tmg.hu\/wp-content\/uploads\/2025\/05\/termofold-1024x576.png 1024w, https:\/\/tmg.hu\/wp-content\/uploads\/2025\/05\/termofold-300x169.png 300w, https:\/\/tmg.hu\/wp-content\/uploads\/2025\/05\/termofold-768x432.png 768w, https:\/\/tmg.hu\/wp-content\/uploads\/2025\/05\/termofold-1536x864.png 1536w, https:\/\/tmg.hu\/wp-content\/uploads\/2025\/05\/termofold-18x10.png 18w, https:\/\/tmg.hu\/wp-content\/uploads\/2025\/05\/termofold-600x338.png 600w, https:\/\/tmg.hu\/wp-content\/uploads\/2025\/05\/termofold.png 1920w\" sizes=\"(max-width: 1024px) 100vw, 1024px\" \/><\/figure>\n\n\n\n<h2 class=\"wp-block-heading\">Bio oder regenerativ - was ist der Unterschied?<\/h2>\n\n\n\n<p>Menschen, die sich gesund ern\u00e4hren wollen, entscheiden sich oft f\u00fcr Bio-Lebensmittel. Aber das Bild ist viel nuancierter als das.<\/p>\n\n\n\n<p>Die Arbeit von Dan Kittredge zeigt, dass die Nahrung n\u00e4hrstoffreich ist, wenn das Bodenleben aktiv ist. Da Herbizide im \u00f6kologischen Landbau nicht erlaubt sind, erfolgt die Unkrautbek\u00e4mpfung mechanisch. Durch die Bodenbearbeitung wird der Boden st\u00e4ndig bewegt, was zu einer Verschlechterung der Bodenqualit\u00e4t f\u00fchrt (je intensiver der Boden gest\u00f6rt wird, desto weniger biologisch aktiv ist er).<\/p>\n\n\n\n<p><strong>Ein regenerativer Landwirt hat das Bild eines gesunden Bodens als sein Hauptanliegen und Ziel.<\/strong><\/p>\n\n\n\n<p>Es werden zwar Pestizide verwendet, aber es wird versucht, deren Dosierung auf einen Bruchteil der \u00fcblichen Dosis zu beschr\u00e4nken und keine Probleme f\u00fcr die Pflanze oder den Boden zu verursachen. Je vitaler der Boden ist, desto besser kann er die Chemikalien puffern und abbauen. So bleiben sie nicht in den Produkten zur\u00fcck.<\/p>\n\n\n\n<p>Regenerative Landwirtschaft basiert auf der Wiederherstellung und Erhaltung des Bodenlebens, so dass wir nicht nur die Umwelt sch\u00fctzen, sondern auch echte, hochwertige Lebensmittel erzeugen. Die beste L\u00f6sung w\u00e4re nat\u00fcrlich eine regenerative \u00f6kologische Landwirtschaft, aber die Entwicklung von Technologien, die in der gro\u00dffl\u00e4chigen Landwirtschaft angewendet werden k\u00f6nnen, ist noch eine Herausforderung.<\/p>\n\n\n\n<h2 class=\"wp-block-heading\">Was w\u00e4hlen Sie, wenn Sie sich gesund ern\u00e4hren wollen?<\/h2>\n\n\n\n<p>Bei einer gesunden Ern\u00e4hrung geht es nicht nur darum, was wir essen, sondern auch darum, wie wir es tun. <strong>welches Produktionssystem wir mit unseren Entscheidungen unterst\u00fctzen<\/strong>. Denn wirklich gesunde Lebensmittel beginnen mit dem Boden, genauer gesagt mit den darin lebenden Mikroorganismen.<\/p>\n\n\n\n<p>Wenn wir langfristig denken - f\u00fcr unsere eigene Gesundheit, f\u00fcr die Umwelt und f\u00fcr k\u00fcnftige Generationen - lautet die Antwort immer h\u00e4ufiger: <strong>die regenerative Nahrung<\/strong>.<\/p>\n\n\n\n<figure class=\"wp-block-image size-large\"><img loading=\"lazy\" decoding=\"async\" width=\"1024\" height=\"576\" src=\"https:\/\/tmg.hu\/wp-content\/uploads\/2025\/05\/huvelyes-zoldsegek-1024x576.jpg\" alt=\"\" class=\"wp-image-10214\" srcset=\"https:\/\/tmg.hu\/wp-content\/uploads\/2025\/05\/huvelyes-zoldsegek-1024x576.jpg 1024w, https:\/\/tmg.hu\/wp-content\/uploads\/2025\/05\/huvelyes-zoldsegek-300x169.jpg 300w, https:\/\/tmg.hu\/wp-content\/uploads\/2025\/05\/huvelyes-zoldsegek-768x432.jpg 768w, https:\/\/tmg.hu\/wp-content\/uploads\/2025\/05\/huvelyes-zoldsegek-1536x864.jpg 1536w, https:\/\/tmg.hu\/wp-content\/uploads\/2025\/05\/huvelyes-zoldsegek-18x10.jpg 18w, https:\/\/tmg.hu\/wp-content\/uploads\/2025\/05\/huvelyes-zoldsegek-600x338.jpg 600w, https:\/\/tmg.hu\/wp-content\/uploads\/2025\/05\/huvelyes-zoldsegek.jpg 1920w\" sizes=\"(max-width: 1024px) 100vw, 1024px\" \/><\/figure>","protected":false},"excerpt":{"rendered":"<p>Az eg\u00e9szs\u00e9ges t\u00e1pl\u00e1lkoz\u00e1s az alapanyagokn\u00e1l kezd\u0151dik, az alapanyag pedig a term\u0151f\u00f6lb\u0151l sz\u00e1rmazik. A talaj min\u0151s\u00e9ge \u00e9s eg\u00e9szs\u00e9ge hat\u00e1rozza meg, hogy mennyire lesz eg\u00e9szs\u00e9ges \u00e9s t\u00e1pl\u00e1l\u00f3 az \u00e9lelm\u00fcnk. A regenerat\u00edv gazdas\u00e1gok c\u00e9lja, hogy val\u00f3di, t\u00e1panyagban gazdag \u00e9lelmet \u00e1ll\u00edtsanak el\u0151 \u2013 fenntarthat\u00f3 m\u00f3don, a talaj\u00e9let meg\u0151rz\u00e9s\u00e9vel. Ezt a cikket ak\u00e1r kezdhetn\u00e9m \u00fagy is, hogy: \u201eSajnos m\u00e9g mindig [&hellip;]<\/p>","protected":false},"author":141,"featured_media":10210,"comment_status":"closed","ping_status":"closed","sticky":false,"template":"","format":"standard","meta":{"footnotes":""},"categories":[37,40,48],"tags":[45],"class_list":["post-10207","post","type-post","status-publish","format-standard","has-post-thumbnail","hentry","category-ember","category-noveny","category-talaj","tag-cikk"],"yoast_head":"<!-- This site is optimized with the Yoast SEO plugin v26.6 - https:\/\/yoast.com\/wordpress\/plugins\/seo\/ -->\n<title>Az eg\u00e9szs\u00e9ges t\u00e1pl\u00e1lkoz\u00e1s a forr\u00e1sn\u00e1l kezd\u0151dik \u2013 A titok a talaj\u00e9letben rejlik - Talajmeg\u00faj\u00edt\u00f3 Gazd\u00e1k Egyes\u00fclete<\/title>\n<meta name=\"description\" content=\"Az eg\u00e9szs\u00e9ges t\u00e1pl\u00e1lkoz\u00e1s a talajn\u00e1l kezd\u0151dik. Ismerd meg, hogyan seg\u00edti a regenerat\u00edv gazd\u00e1lkod\u00e1s a val\u00f3ban t\u00e1panyagd\u00fas \u00e9lelem el\u0151\u00e1ll\u00edt\u00e1s\u00e1t.\" \/>\n<meta name=\"robots\" content=\"index, follow, max-snippet:-1, max-image-preview:large, max-video-preview:-1\" \/>\n<link rel=\"canonical\" href=\"https:\/\/tmg.hu\/de\/das-geheimnis-liegt-im-boden\/\" \/>\n<meta property=\"og:locale\" content=\"de_DE\" \/>\n<meta property=\"og:type\" content=\"article\" \/>\n<meta property=\"og:title\" content=\"Az eg\u00e9szs\u00e9ges t\u00e1pl\u00e1lkoz\u00e1s a forr\u00e1sn\u00e1l kezd\u0151dik \u2013 A titok a talaj\u00e9letben rejlik - Talajmeg\u00faj\u00edt\u00f3 Gazd\u00e1k Egyes\u00fclete\" \/>\n<meta property=\"og:description\" content=\"Az eg\u00e9szs\u00e9ges t\u00e1pl\u00e1lkoz\u00e1s a talajn\u00e1l kezd\u0151dik. Ismerd meg, hogyan seg\u00edti a regenerat\u00edv gazd\u00e1lkod\u00e1s a val\u00f3ban t\u00e1panyagd\u00fas \u00e9lelem el\u0151\u00e1ll\u00edt\u00e1s\u00e1t.\" \/>\n<meta property=\"og:url\" content=\"https:\/\/tmg.hu\/de\/das-geheimnis-liegt-im-boden\/\" \/>\n<meta property=\"og:site_name\" content=\"Talajmeg\u00faj\u00edt\u00f3 Gazd\u00e1k Egyes\u00fclete\" \/>\n<meta property=\"article:publisher\" content=\"https:\/\/www.facebook.com\/tmg.egyesulet\/\" \/>\n<meta property=\"article:published_time\" content=\"2025-05-29T13:02:01+00:00\" \/>\n<meta property=\"article:modified_time\" content=\"2025-05-30T08:36:41+00:00\" \/>\n<meta property=\"og:image\" content=\"https:\/\/tmg.hu\/wp-content\/uploads\/2025\/05\/egeszseges-taplalkozas.png\" \/>\n\t<meta property=\"og:image:width\" content=\"1536\" \/>\n\t<meta property=\"og:image:height\" content=\"1024\" \/>\n\t<meta property=\"og:image:type\" content=\"image\/png\" \/>\n<meta name=\"author\" content=\"Csizm\u00e1n Zolt\u00e1n\" \/>\n<meta name=\"twitter:card\" content=\"summary_large_image\" \/>\n<meta name=\"twitter:label1\" content=\"Verfasst von\" \/>\n\t<meta name=\"twitter:data1\" content=\"Csizm\u00e1n Zolt\u00e1n\" \/>\n\t<meta name=\"twitter:label2\" content=\"Gesch\u00e4tzte Lesezeit\" \/>\n\t<meta name=\"twitter:data2\" content=\"6\u00a0Minuten\" \/>\n<script type=\"application\/ld+json\" class=\"yoast-schema-graph\">{\"@context\":\"https:\/\/schema.org\",\"@graph\":[{\"@type\":\"Article\",\"@id\":\"https:\/\/tmg.hu\/az-egeszseges-taplalkozas-a-forrasnal-kezdodik-a-titok-a-talajeletben-rejlik\/#article\",\"isPartOf\":{\"@id\":\"https:\/\/tmg.hu\/az-egeszseges-taplalkozas-a-forrasnal-kezdodik-a-titok-a-talajeletben-rejlik\/\"},\"author\":{\"name\":\"Csizm\u00e1n Zolt\u00e1n\",\"@id\":\"https:\/\/tmg.hu\/#\/schema\/person\/3848fe83e5041cff6a4b3dc1a7725505\"},\"headline\":\"Az eg\u00e9szs\u00e9ges t\u00e1pl\u00e1lkoz\u00e1s a forr\u00e1sn\u00e1l kezd\u0151dik \u2013 A titok a talaj\u00e9letben rejlik\",\"datePublished\":\"2025-05-29T13:02:01+00:00\",\"dateModified\":\"2025-05-30T08:36:41+00:00\",\"mainEntityOfPage\":{\"@id\":\"https:\/\/tmg.hu\/az-egeszseges-taplalkozas-a-forrasnal-kezdodik-a-titok-a-talajeletben-rejlik\/\"},\"wordCount\":1414,\"publisher\":{\"@id\":\"https:\/\/tmg.hu\/#organization\"},\"image\":{\"@id\":\"https:\/\/tmg.hu\/az-egeszseges-taplalkozas-a-forrasnal-kezdodik-a-titok-a-talajeletben-rejlik\/#primaryimage\"},\"thumbnailUrl\":\"https:\/\/tmg.hu\/wp-content\/uploads\/2025\/05\/egeszseges-taplalkozas.png\",\"keywords\":[\"Cikk\"],\"articleSection\":[\"Ember\",\"N\u00f6v\u00e9ny\",\"Talaj\"],\"inLanguage\":\"de\"},{\"@type\":\"WebPage\",\"@id\":\"https:\/\/tmg.hu\/az-egeszseges-taplalkozas-a-forrasnal-kezdodik-a-titok-a-talajeletben-rejlik\/\",\"url\":\"https:\/\/tmg.hu\/az-egeszseges-taplalkozas-a-forrasnal-kezdodik-a-titok-a-talajeletben-rejlik\/\",\"name\":\"Az eg\u00e9szs\u00e9ges t\u00e1pl\u00e1lkoz\u00e1s a forr\u00e1sn\u00e1l kezd\u0151dik \u2013 A titok a talaj\u00e9letben rejlik - Talajmeg\u00faj\u00edt\u00f3 Gazd\u00e1k Egyes\u00fclete\",\"isPartOf\":{\"@id\":\"https:\/\/tmg.hu\/#website\"},\"primaryImageOfPage\":{\"@id\":\"https:\/\/tmg.hu\/az-egeszseges-taplalkozas-a-forrasnal-kezdodik-a-titok-a-talajeletben-rejlik\/#primaryimage\"},\"image\":{\"@id\":\"https:\/\/tmg.hu\/az-egeszseges-taplalkozas-a-forrasnal-kezdodik-a-titok-a-talajeletben-rejlik\/#primaryimage\"},\"thumbnailUrl\":\"https:\/\/tmg.hu\/wp-content\/uploads\/2025\/05\/egeszseges-taplalkozas.png\",\"datePublished\":\"2025-05-29T13:02:01+00:00\",\"dateModified\":\"2025-05-30T08:36:41+00:00\",\"description\":\"Az eg\u00e9szs\u00e9ges t\u00e1pl\u00e1lkoz\u00e1s a talajn\u00e1l kezd\u0151dik. Ismerd meg, hogyan seg\u00edti a regenerat\u00edv gazd\u00e1lkod\u00e1s a val\u00f3ban t\u00e1panyagd\u00fas \u00e9lelem el\u0151\u00e1ll\u00edt\u00e1s\u00e1t.\",\"breadcrumb\":{\"@id\":\"https:\/\/tmg.hu\/az-egeszseges-taplalkozas-a-forrasnal-kezdodik-a-titok-a-talajeletben-rejlik\/#breadcrumb\"},\"inLanguage\":\"de\",\"potentialAction\":[{\"@type\":\"ReadAction\",\"target\":[\"https:\/\/tmg.hu\/az-egeszseges-taplalkozas-a-forrasnal-kezdodik-a-titok-a-talajeletben-rejlik\/\"]}]},{\"@type\":\"ImageObject\",\"inLanguage\":\"de\",\"@id\":\"https:\/\/tmg.hu\/az-egeszseges-taplalkozas-a-forrasnal-kezdodik-a-titok-a-talajeletben-rejlik\/#primaryimage\",\"url\":\"https:\/\/tmg.hu\/wp-content\/uploads\/2025\/05\/egeszseges-taplalkozas.png\",\"contentUrl\":\"https:\/\/tmg.hu\/wp-content\/uploads\/2025\/05\/egeszseges-taplalkozas.png\",\"width\":1536,\"height\":1024},{\"@type\":\"BreadcrumbList\",\"@id\":\"https:\/\/tmg.hu\/az-egeszseges-taplalkozas-a-forrasnal-kezdodik-a-titok-a-talajeletben-rejlik\/#breadcrumb\",\"itemListElement\":[{\"@type\":\"ListItem\",\"position\":1,\"name\":\"Home\",\"item\":\"https:\/\/tmg.hu\/\"},{\"@type\":\"ListItem\",\"position\":2,\"name\":\"Az eg\u00e9szs\u00e9ges t\u00e1pl\u00e1lkoz\u00e1s a forr\u00e1sn\u00e1l kezd\u0151dik \u2013 A titok a talaj\u00e9letben rejlik\"}]},{\"@type\":\"WebSite\",\"@id\":\"https:\/\/tmg.hu\/#website\",\"url\":\"https:\/\/tmg.hu\/\",\"name\":\"TMG - Talajmeg\u00faj\u00edt\u00f3 Gazd\u00e1k Egyes\u00fclete\",\"description\":\"Talajmeg\u00faj\u00edt\u00f3 Gazd\u00e1k Egyes\u00fclete\",\"publisher\":{\"@id\":\"https:\/\/tmg.hu\/#organization\"},\"potentialAction\":[{\"@type\":\"SearchAction\",\"target\":{\"@type\":\"EntryPoint\",\"urlTemplate\":\"https:\/\/tmg.hu\/?s={search_term_string}\"},\"query-input\":{\"@type\":\"PropertyValueSpecification\",\"valueRequired\":true,\"valueName\":\"search_term_string\"}}],\"inLanguage\":\"de\"},{\"@type\":\"Organization\",\"@id\":\"https:\/\/tmg.hu\/#organization\",\"name\":\"Talajmeg\u00faj\u00edt\u00f3 Gazd\u00e1k Egyes\u00fclete\",\"url\":\"https:\/\/tmg.hu\/\",\"logo\":{\"@type\":\"ImageObject\",\"inLanguage\":\"de\",\"@id\":\"https:\/\/tmg.hu\/#\/schema\/logo\/image\/\",\"url\":\"https:\/\/tmg.hu\/wp-content\/uploads\/2024\/10\/tmg_og_logo.png\",\"contentUrl\":\"https:\/\/tmg.hu\/wp-content\/uploads\/2024\/10\/tmg_og_logo.png\",\"width\":1200,\"height\":630,\"caption\":\"Talajmeg\u00faj\u00edt\u00f3 Gazd\u00e1k Egyes\u00fclete\"},\"image\":{\"@id\":\"https:\/\/tmg.hu\/#\/schema\/logo\/image\/\"},\"sameAs\":[\"https:\/\/www.facebook.com\/tmg.egyesulet\/\",\"https:\/\/www.instagram.com\/tmg.hu\/\",\"https:\/\/www.youtube.com\/@tmg_egyesulet\"]},{\"@type\":\"Person\",\"@id\":\"https:\/\/tmg.hu\/#\/schema\/person\/3848fe83e5041cff6a4b3dc1a7725505\",\"name\":\"Csizm\u00e1n Zolt\u00e1n\"}]}<\/script>\n<!-- \/ Yoast SEO plugin. -->","yoast_head_json":{"title":"Gesunde Ern\u00e4hrung beginnt an der Quelle - Das Geheimnis liegt im Bodenleben - Vereinigung der Bodenerneuerungslandwirte","description":"Gesunde Ern\u00e4hrung beginnt mit dem Boden. Erfahren Sie, wie die regenerative Landwirtschaft dazu beitragen kann, wirklich n\u00e4hrstoffreiche Lebensmittel zu erzeugen.","robots":{"index":"index","follow":"follow","max-snippet":"max-snippet:-1","max-image-preview":"max-image-preview:large","max-video-preview":"max-video-preview:-1"},"canonical":"https:\/\/tmg.hu\/de\/das-geheimnis-liegt-im-boden\/","og_locale":"de_DE","og_type":"article","og_title":"Az eg\u00e9szs\u00e9ges t\u00e1pl\u00e1lkoz\u00e1s a forr\u00e1sn\u00e1l kezd\u0151dik \u2013 A titok a talaj\u00e9letben rejlik - Talajmeg\u00faj\u00edt\u00f3 Gazd\u00e1k Egyes\u00fclete","og_description":"Az eg\u00e9szs\u00e9ges t\u00e1pl\u00e1lkoz\u00e1s a talajn\u00e1l kezd\u0151dik. Ismerd meg, hogyan seg\u00edti a regenerat\u00edv gazd\u00e1lkod\u00e1s a val\u00f3ban t\u00e1panyagd\u00fas \u00e9lelem el\u0151\u00e1ll\u00edt\u00e1s\u00e1t.","og_url":"https:\/\/tmg.hu\/de\/das-geheimnis-liegt-im-boden\/","og_site_name":"Talajmeg\u00faj\u00edt\u00f3 Gazd\u00e1k Egyes\u00fclete","article_publisher":"https:\/\/www.facebook.com\/tmg.egyesulet\/","article_published_time":"2025-05-29T13:02:01+00:00","article_modified_time":"2025-05-30T08:36:41+00:00","og_image":[{"width":1536,"height":1024,"url":"https:\/\/tmg.hu\/wp-content\/uploads\/2025\/05\/egeszseges-taplalkozas.png","type":"image\/png"}],"author":"Csizm\u00e1n Zolt\u00e1n","twitter_card":"summary_large_image","twitter_misc":{"Verfasst von":"Csizm\u00e1n Zolt\u00e1n","Gesch\u00e4tzte Lesezeit":"6\u00a0Minuten"},"schema":{"@context":"https:\/\/schema.org","@graph":[{"@type":"Article","@id":"https:\/\/tmg.hu\/az-egeszseges-taplalkozas-a-forrasnal-kezdodik-a-titok-a-talajeletben-rejlik\/#article","isPartOf":{"@id":"https:\/\/tmg.hu\/az-egeszseges-taplalkozas-a-forrasnal-kezdodik-a-titok-a-talajeletben-rejlik\/"},"author":{"name":"Csizm\u00e1n Zolt\u00e1n","@id":"https:\/\/tmg.hu\/#\/schema\/person\/3848fe83e5041cff6a4b3dc1a7725505"},"headline":"Az eg\u00e9szs\u00e9ges t\u00e1pl\u00e1lkoz\u00e1s a forr\u00e1sn\u00e1l kezd\u0151dik \u2013 A titok a talaj\u00e9letben rejlik","datePublished":"2025-05-29T13:02:01+00:00","dateModified":"2025-05-30T08:36:41+00:00","mainEntityOfPage":{"@id":"https:\/\/tmg.hu\/az-egeszseges-taplalkozas-a-forrasnal-kezdodik-a-titok-a-talajeletben-rejlik\/"},"wordCount":1414,"publisher":{"@id":"https:\/\/tmg.hu\/#organization"},"image":{"@id":"https:\/\/tmg.hu\/az-egeszseges-taplalkozas-a-forrasnal-kezdodik-a-titok-a-talajeletben-rejlik\/#primaryimage"},"thumbnailUrl":"https:\/\/tmg.hu\/wp-content\/uploads\/2025\/05\/egeszseges-taplalkozas.png","keywords":["Cikk"],"articleSection":["Ember","N\u00f6v\u00e9ny","Talaj"],"inLanguage":"de"},{"@type":"WebPage","@id":"https:\/\/tmg.hu\/az-egeszseges-taplalkozas-a-forrasnal-kezdodik-a-titok-a-talajeletben-rejlik\/","url":"https:\/\/tmg.hu\/az-egeszseges-taplalkozas-a-forrasnal-kezdodik-a-titok-a-talajeletben-rejlik\/","name":"Gesunde Ern\u00e4hrung beginnt an der Quelle - Das Geheimnis liegt im Bodenleben - Vereinigung der Bodenerneuerungslandwirte","isPartOf":{"@id":"https:\/\/tmg.hu\/#website"},"primaryImageOfPage":{"@id":"https:\/\/tmg.hu\/az-egeszseges-taplalkozas-a-forrasnal-kezdodik-a-titok-a-talajeletben-rejlik\/#primaryimage"},"image":{"@id":"https:\/\/tmg.hu\/az-egeszseges-taplalkozas-a-forrasnal-kezdodik-a-titok-a-talajeletben-rejlik\/#primaryimage"},"thumbnailUrl":"https:\/\/tmg.hu\/wp-content\/uploads\/2025\/05\/egeszseges-taplalkozas.png","datePublished":"2025-05-29T13:02:01+00:00","dateModified":"2025-05-30T08:36:41+00:00","description":"Gesunde Ern\u00e4hrung beginnt mit dem Boden. Erfahren Sie, wie die regenerative Landwirtschaft dazu beitragen kann, wirklich n\u00e4hrstoffreiche Lebensmittel zu erzeugen.","breadcrumb":{"@id":"https:\/\/tmg.hu\/az-egeszseges-taplalkozas-a-forrasnal-kezdodik-a-titok-a-talajeletben-rejlik\/#breadcrumb"},"inLanguage":"de","potentialAction":[{"@type":"ReadAction","target":["https:\/\/tmg.hu\/az-egeszseges-taplalkozas-a-forrasnal-kezdodik-a-titok-a-talajeletben-rejlik\/"]}]},{"@type":"ImageObject","inLanguage":"de","@id":"https:\/\/tmg.hu\/az-egeszseges-taplalkozas-a-forrasnal-kezdodik-a-titok-a-talajeletben-rejlik\/#primaryimage","url":"https:\/\/tmg.hu\/wp-content\/uploads\/2025\/05\/egeszseges-taplalkozas.png","contentUrl":"https:\/\/tmg.hu\/wp-content\/uploads\/2025\/05\/egeszseges-taplalkozas.png","width":1536,"height":1024},{"@type":"BreadcrumbList","@id":"https:\/\/tmg.hu\/az-egeszseges-taplalkozas-a-forrasnal-kezdodik-a-titok-a-talajeletben-rejlik\/#breadcrumb","itemListElement":[{"@type":"ListItem","position":1,"name":"Home","item":"https:\/\/tmg.hu\/"},{"@type":"ListItem","position":2,"name":"Az eg\u00e9szs\u00e9ges t\u00e1pl\u00e1lkoz\u00e1s a forr\u00e1sn\u00e1l kezd\u0151dik \u2013 A titok a talaj\u00e9letben rejlik"}]},{"@type":"WebSite","@id":"https:\/\/tmg.hu\/#website","url":"https:\/\/tmg.hu\/","name":"TMG - Verband der Bodenerneuerungslandwirte","description":"Verband der Landwirte f\u00fcr Bodensanierung","publisher":{"@id":"https:\/\/tmg.hu\/#organization"},"potentialAction":[{"@type":"SearchAction","target":{"@type":"EntryPoint","urlTemplate":"https:\/\/tmg.hu\/?s={search_term_string}"},"query-input":{"@type":"PropertyValueSpecification","valueRequired":true,"valueName":"search_term_string"}}],"inLanguage":"de"},{"@type":"Organization","@id":"https:\/\/tmg.hu\/#organization","name":"Verband der Landwirte f\u00fcr Bodensanierung","url":"https:\/\/tmg.hu\/","logo":{"@type":"ImageObject","inLanguage":"de","@id":"https:\/\/tmg.hu\/#\/schema\/logo\/image\/","url":"https:\/\/tmg.hu\/wp-content\/uploads\/2024\/10\/tmg_og_logo.png","contentUrl":"https:\/\/tmg.hu\/wp-content\/uploads\/2024\/10\/tmg_og_logo.png","width":1200,"height":630,"caption":"Talajmeg\u00faj\u00edt\u00f3 Gazd\u00e1k Egyes\u00fclete"},"image":{"@id":"https:\/\/tmg.hu\/#\/schema\/logo\/image\/"},"sameAs":["https:\/\/www.facebook.com\/tmg.egyesulet\/","https:\/\/www.instagram.com\/tmg.hu\/","https:\/\/www.youtube.com\/@tmg_egyesulet"]},{"@type":"Person","@id":"https:\/\/tmg.hu\/#\/schema\/person\/3848fe83e5041cff6a4b3dc1a7725505","name":"Zolt\u00e1n Csizm\u00e1n"}]}},"_links":{"self":[{"href":"https:\/\/tmg.hu\/de\/wp-json\/wp\/v2\/posts\/10207","targetHints":{"allow":["GET"]}}],"collection":[{"href":"https:\/\/tmg.hu\/de\/wp-json\/wp\/v2\/posts"}],"about":[{"href":"https:\/\/tmg.hu\/de\/wp-json\/wp\/v2\/types\/post"}],"author":[{"embeddable":true,"href":"https:\/\/tmg.hu\/de\/wp-json\/wp\/v2\/users\/141"}],"replies":[{"embeddable":true,"href":"https:\/\/tmg.hu\/de\/wp-json\/wp\/v2\/comments?post=10207"}],"version-history":[{"count":3,"href":"https:\/\/tmg.hu\/de\/wp-json\/wp\/v2\/posts\/10207\/revisions"}],"predecessor-version":[{"id":10215,"href":"https:\/\/tmg.hu\/de\/wp-json\/wp\/v2\/posts\/10207\/revisions\/10215"}],"wp:featuredmedia":[{"embeddable":true,"href":"https:\/\/tmg.hu\/de\/wp-json\/wp\/v2\/media\/10210"}],"wp:attachment":[{"href":"https:\/\/tmg.hu\/de\/wp-json\/wp\/v2\/media?parent=10207"}],"wp:term":[{"taxonomy":"category","embeddable":true,"href":"https:\/\/tmg.hu\/de\/wp-json\/wp\/v2\/categories?post=10207"},{"taxonomy":"post_tag","embeddable":true,"href":"https:\/\/tmg.hu\/de\/wp-json\/wp\/v2\/tags?post=10207"}],"curies":[{"name":"wp","href":"https:\/\/api.w.org\/{rel}","templated":true}]}}